{"id":39137,"date":"2025-03-13T12:45:13","date_gmt":"2025-03-13T12:45:13","guid":{"rendered":"https:\/\/247stiri.ro\/index.php\/2025\/03\/13\/razboi-total-in-usr-lasconi-se-incaiera-cu-coliban-dupa-ce-i-a-cerut-retragerea-de-la-prezidentiale\/"},"modified":"2025-03-13T12:45:13","modified_gmt":"2025-03-13T12:45:13","slug":"razboi-total-in-usr-lasconi-se-incaiera-cu-coliban-dupa-ce-i-a-cerut-retragerea-de-la-prezidentiale","status":"publish","type":"post","link":"https:\/\/247stiri.ro\/index.php\/2025\/03\/13\/razboi-total-in-usr-lasconi-se-incaiera-cu-coliban-dupa-ce-i-a-cerut-retragerea-de-la-prezidentiale\/","title":{"rendered":"R\u0103zboi total \u00een USR: Lasconi se \u00eencaier\u0103 cu Coliban, dup\u0103 ce i-a cerut retragerea de la preziden\u021biale"},"content":{"rendered":"<p>Allen Coliban, vicepre\u0219edinte USR \u0219i fost primar al Bra\u0219ovului, spune c\u0103, \u00een ultimele 3 luni, Elena Lasconi a cunoscut o pr\u0103bu\u0219ire spectaculoas\u0103 \u00een sondaje \u0219i \u00een preferin\u021bele electoratului, iar revenirea acesteia la un scor de 20% \u201ear fi un adev\u0103rat miracol\u201d.\u00a0<\/p>\n<p>\u201eCe s-a \u00eent\u00e2mplat de atunci \u0219i p\u00e2n\u0103 \u00een prezent, dac\u0103 este s\u0103 judec\u0103m dup\u0103 toate sondajele publicate, este o pr\u0103bu\u0219ire spectaculoas\u0103 a ei \u00een sondaje \u0219i \u00een preferin\u021bele electoratului. \u00cen doar 3 luni de zile, Elena a ajuns de la 19% la sub 10%. \u00centr-adev\u0103r, exist\u0103 voci care spun c\u0103 sondajele nu mai prezint\u0103 \u00eencredere (\u201ece, l-au prezis pe Georgescu?\u201d). Nu, nu l-au prezis, dar una e s\u0103 nu prind\u0103 trendul de cre\u0219tere al unui candidat nou, necunoscut, \u0219i alta e s\u0103 speri c\u0103 poate ap\u0103rea, brusc, un fenomen similar, \u00een cazul unui candidat cu notorietate de 99%. Revenirea scorului \u00een jurul a 20% \u00een doar dou\u0103 luni de zile ar fi un adev\u0103rat miracol\u201d, spune Allen Coliban, \u00eentr-o postare pe Facebook.<\/p>\n<p>Coliban subliniaz\u0103 c\u0103, de\u0219i \u00een Bra\u0219ov, Elena Lasconi a c\u00e2\u0219tigat primul tur al alegerilor preziden\u021biale de anul trecut, \u00een prezent, electoratul se exprim\u0103 \u00een favoarea \u201eretragerii candidaturii ei\u201d. De asemenea, vicepre\u0219edintele USR a men\u021bionat c\u0103 a discutat acest aspect \u00een BPN, \u00eens\u0103 argumentele sale au fost \u00eent\u00e2mpinate cu \u00a0\u201eo retoric\u0103 bazat\u0103 prea mult pe emo\u021bie \u0219i prea pu\u021bin pe realitate\u201d.<\/p>\n<p>&#8222;\u0218i nu sunt doar sondajele. Sunt \u0219i mesajele pe care le primim din partea voastr\u0103, a sus\u021bin\u0103torilor no\u0219tri. Bra\u0219ovul a fost unul dintre cele cinci jude\u021be \u00een care Elena a c\u00e2\u0219tigat alegerile, \u00een primul tur. Cu toate acestea, mesajele pe care ni le transmite\u021bi acum sunt \u00een num\u0103r foarte mare \u00een ideea retragerii candidaturii ei.<\/p>\n<p>Ca vicepre\u0219edinte USR, mi-am f\u0103cut datoria de a ridica problema aceasta \u00een Biroul Na\u021bional, chiar \u0219i atunci c\u00e2nd aproape nimeni nu o f\u0103cea. Am crezut, atunci c\u00e2nd ni s-a spus c\u0103 \u201evoi lua cea mai bun\u0103 decizie pentru Rom\u00e2nia\u201d, c\u0103 ne vom raporta la ni\u0219te criterii obiective \u00een baza c\u0103rora vom avea un plan de a da Pre\u0219edintele Rom\u00e2niei \u0219i o decizie \u00eenainte de termenul depunerii candidaturilor. \u00cen schimb, primim o retoric\u0103 bazat\u0103 prea mult pe emo\u021bie \u0219i prea pu\u021bin pe realitate&#8221;, a mai spus Colliban.<\/p>\n<p>\u201eEste regretabil c\u0103 exist\u0103 \u0219i astfel de p\u0103reri, mai ales \u00eentr-o campanie electoral\u0103, c\u00e2nd din punctul meu de vedere ar trebui s\u0103 fie o anumit\u0103 disciplin\u0103, a\u0219a cum se \u00eent\u00e2mpl\u0103 \u0219i \u00een celelalte partide. \u0218i c\u00e2nd spun disciplin\u0103, nu \u00eenseamn\u0103 armat\u0103, \u00eenseamn\u0103 respect fa\u021b\u0103 de vot\u201d, i-a r\u0103spuns Lasconi.\u00a0<\/p>\n<p>\u00a0<\/p>","protected":false},"excerpt":{"rendered":"<p>Allen Coliban, vicepre\u0219edinte USR \u0219i fost primar al Bra\u0219ovului, spune c\u0103, \u00een ultimele 3 luni,&hellip;<\/p>\n","protected":false},"author":0,"featured_media":39138,"comment_status":"open","ping_status":"open","sticky":false,"template":"","format":"standard","meta":{"footnotes":""},"categories":[3],"tags":[],"class_list":["post-39137","post","type-post","status-publish","format-standard","has-post-thumbnail","hentry","category-politica"],"_links":{"self":[{"href":"https:\/\/247stiri.ro\/index.php\/wp-json\/wp\/v2\/posts\/39137","targetHints":{"allow":["GET"]}}],"collection":[{"href":"https:\/\/247stiri.ro\/index.php\/wp-json\/wp\/v2\/posts"}],"about":[{"href":"https:\/\/247stiri.ro\/index.php\/wp-json\/wp\/v2\/types\/post"}],"replies":[{"embeddable":true,"href":"https:\/\/247stiri.ro\/index.php\/wp-json\/wp\/v2\/comments?post=39137"}],"version-history":[{"count":0,"href":"https:\/\/247stiri.ro\/index.php\/wp-json\/wp\/v2\/posts\/39137\/revisions"}],"wp:featuredmedia":[{"embeddable":true,"href":"https:\/\/247stiri.ro\/index.php\/wp-json\/wp\/v2\/media\/39138"}],"wp:attachment":[{"href":"https:\/\/247stiri.ro\/index.php\/wp-json\/wp\/v2\/media?parent=39137"}],"wp:term":[{"taxonomy":"category","embeddable":true,"href":"https:\/\/247stiri.ro\/index.php\/wp-json\/wp\/v2\/categories?post=39137"},{"taxonomy":"post_tag","embeddable":true,"href":"https:\/\/247stiri.ro\/index.php\/wp-json\/wp\/v2\/tags?post=39137"}],"curies":[{"name":"wp","href":"https:\/\/api.w.org\/{rel}","templated":true}]}}