{"id":39141,"date":"2025-03-13T12:45:15","date_gmt":"2025-03-13T12:45:15","guid":{"rendered":"https:\/\/247stiri.ro\/index.php\/2025\/03\/13\/activarea-sorosistilor-fostul-judecator-cristi-danilet-prins-cu-reteaua-de-influenta-a-lui-soros-vrea-blocarea-candidatilor-suveranisti\/"},"modified":"2025-03-13T12:45:15","modified_gmt":"2025-03-13T12:45:15","slug":"activarea-sorosistilor-fostul-judecator-cristi-danilet-prins-cu-reteaua-de-influenta-a-lui-soros-vrea-blocarea-candidatilor-suveranisti","status":"publish","type":"post","link":"https:\/\/247stiri.ro\/index.php\/2025\/03\/13\/activarea-sorosistilor-fostul-judecator-cristi-danilet-prins-cu-reteaua-de-influenta-a-lui-soros-vrea-blocarea-candidatilor-suveranisti\/","title":{"rendered":"Activarea soro\u0219i\u0219tilor. Fostul judec\u0103tor Cristi Danile\u021b, prins cu re\u021beaua de influen\u021b\u0103 a lui Soro\u0219, vrea blocarea candida\u021bilor suverani\u0219ti"},"content":{"rendered":"<p>Statul paralel \u00eencearc\u0103 cu ultimele puteri s\u0103 blocheze candida\u021bii suverani\u0219ti, dup\u0103 ce a fost invalidat\u0103 candidatura lui C\u0103lin Georgescu. O \u00eentreag\u0103 opera\u021biune este \u00een desf\u0103\u0219urare, unde a ap\u0103rut \u0219i fostul judec\u0103tor rezist Cristian Danile\u021b. Fostul magistrat care s-a pensionat la doar 48 de ani \u0219i \u00eencaseaz\u0103 o pensie special\u0103 cere interzicerea lui George Simion \u0219i a Anei-Maria Gavril\u0103.<\/p>\n<p>\u201dSimion \u0219i Gavril\u0103 candideaz\u0103? Hmmm, sunt \u0219anse mari s\u0103 fie invalida\u021bi. Am\u00e2ndoi. Logica e simpl\u0103 \u0219i fac o paralel\u0103. Dac\u0103 un infractor este ajutat de cineva s\u0103 comit\u0103 infrac\u021biunea, acel cineva se nume\u0219te complice. Acum, revin: Georgescu a \u00eenc\u0103lcat Constitu\u021bia &#8211; aspect constatat definitiv de CCR. Printre cei care l-au sprijinit, aprobat, \u00eenso\u021bit, sus\u021binut sunt \u0219i liderii AUR \u0219i POT. Prin urmare, cei doi sunt complici la \u00eenc\u0103lcarea Constitu\u021biei.<\/p>\n<p>\u00cens\u0103 &#8211; spune CCR \u00een deciziile privind pe \u0218o\u0219oac\u0103 \u0219i Georgescu &#8211; cel care \u00ee\u0219i asum\u0103 candidatura la Pre\u0219edin\u021bia Rom\u00e2niei trebuie s\u0103 nu fi \u00eencalcat Constitu\u021bia niciodat\u0103 \u00een via\u021ba lui. Prin urmare, at\u00e2t Simion, c\u00e2t \u0219i Gavril\u0103 ar trebui s\u0103 \u00ee\u0219i vad\u0103 de treab\u0103: s\u0103 conduc\u0103 partidele lor, dar nu o \u021bar\u0103\u201d, a scris Cristi Danile\u021b, pe re\u021belele de socializare.\u00a0<\/p>\n<p>Cristi Danile\u021b a fost exclus din magistratur\u0103 de CSM pentru prima oar\u0103 \u00een decembrie 2021, pentru manifest\u0103ri pe care le-ar fi avut pe mai multe re\u0163elele de socializare. Apoi au mai urmat dou\u0103 excluderi &#8211; pe motiv c\u0103 a f\u0103cut politic\u0103 prin participarea la activitatea unor ONG-uri din re\u021beaua Soro\u0219 din care f\u0103cea parte \u0219i pentru exercitarea func\u021biei cu grav\u0103 neglijen\u021b\u0103.<\/p>\n<p>\u00cen urm\u0103 cu trei ani, Cristi Danile\u021b a fost premiat de Grupul pentru Dialog Social, prima organiza\u021bie vizitat\u0103 de George <a href=\"https:\/\/www.realitatea.net\/stiri\/promo-tv\/caracatita-soros-in-romania-andrei-plesu-omulcheie-din-spatele-sistemului_67d2981242d4a31f2975bfb2\" target=\"_blank\">Soro\u0219<\/a> \u00een 1990, pentru activitatea sa din anul 2021. \u00cen noiembrie 2022, Danile\u021b devenea cet\u0103\u021bean al Republicii Moldova, \u00een urma unui decret semnat de pre\u0219edintele Maia Sandu. Cristian Danile\u021b a ob\u021binut cet\u0103\u021benia dup\u0103 ce \u00een 2014 a primit 8.000 dolari drepturi de autor pentru lucrarea \u201cArestarea \u2013 indrumar pentru practicieni\u201d, de la Fundatia Soros Moldova.<\/p>\n<p>O alt\u0103 leg\u0103tur\u0103 a lui Danile\u021b cu funda\u021biile lui Soro\u0219 apare \u0219i \u00een CV-ul lui. La capitolul \u201cExperien\u021ba international\u0103\u201d, magistratul se lauda cu participarea \u00een octombrie 2008 la conferin\u021ba \u201cSocietatea civila \u0219i evaluarea procesului de integritate europeana\u201d, organizat\u0103 la Chi\u0219in\u0103u de Funda\u021bia Soro\u0219 Rom\u00e2nia, unde a vorbit despre \u201cIndependen\u021ba justi\u021biei \u0219i integritatea public\u0103\u201d.\u00a0<\/p>","protected":false},"excerpt":{"rendered":"<p>Statul paralel \u00eencearc\u0103 cu ultimele puteri s\u0103 blocheze candida\u021bii suverani\u0219ti, dup\u0103 ce a fost invalidat\u0103&hellip;<\/p>\n","protected":false},"author":0,"featured_media":39132,"comment_status":"open","ping_status":"open","sticky":false,"template":"","format":"standard","meta":{"footnotes":""},"categories":[2],"tags":[],"class_list":["post-39141","post","type-post","status-publish","format-standard","has-post-thumbnail","hentry","category-actual"],"_links":{"self":[{"href":"https:\/\/247stiri.ro\/index.php\/wp-json\/wp\/v2\/posts\/39141","targetHints":{"allow":["GET"]}}],"collection":[{"href":"https:\/\/247stiri.ro\/index.php\/wp-json\/wp\/v2\/posts"}],"about":[{"href":"https:\/\/247stiri.ro\/index.php\/wp-json\/wp\/v2\/types\/post"}],"replies":[{"embeddable":true,"href":"https:\/\/247stiri.ro\/index.php\/wp-json\/wp\/v2\/comments?post=39141"}],"version-history":[{"count":0,"href":"https:\/\/247stiri.ro\/index.php\/wp-json\/wp\/v2\/posts\/39141\/revisions"}],"wp:featuredmedia":[{"embeddable":true,"href":"https:\/\/247stiri.ro\/index.php\/wp-json\/wp\/v2\/media\/39132"}],"wp:attachment":[{"href":"https:\/\/247stiri.ro\/index.php\/wp-json\/wp\/v2\/media?parent=39141"}],"wp:term":[{"taxonomy":"category","embeddable":true,"href":"https:\/\/247stiri.ro\/index.php\/wp-json\/wp\/v2\/categories?post=39141"},{"taxonomy":"post_tag","embeddable":true,"href":"https:\/\/247stiri.ro\/index.php\/wp-json\/wp\/v2\/tags?post=39141"}],"curies":[{"name":"wp","href":"https:\/\/api.w.org\/{rel}","templated":true}]}}