{"id":39146,"date":"2025-03-13T12:45:17","date_gmt":"2025-03-13T12:45:17","guid":{"rendered":"https:\/\/247stiri.ro\/index.php\/2025\/03\/13\/meteo-bucuresti-dupa-iarna-bucurestenii-trec-peste-primavara-direct-la-temperaturi-de-aproape-30-de-grade\/"},"modified":"2025-03-13T12:45:17","modified_gmt":"2025-03-13T12:45:17","slug":"meteo-bucuresti-dupa-iarna-bucurestenii-trec-peste-primavara-direct-la-temperaturi-de-aproape-30-de-grade","status":"publish","type":"post","link":"https:\/\/247stiri.ro\/index.php\/2025\/03\/13\/meteo-bucuresti-dupa-iarna-bucurestenii-trec-peste-primavara-direct-la-temperaturi-de-aproape-30-de-grade\/","title":{"rendered":"Meteo Bucure\u0219ti. Dup\u0103 iarn\u0103, bucure\u0219tenii trec peste prim\u0103var\u0103 direct la temperaturi de aproape 30 de grade"},"content":{"rendered":"<p>Regimul termic va fi deosebit de ridicat pentru aceast\u0103 perioad\u0103 \u00een zona municipiului Bucure\u015fti p\u00e2n\u0103 s\u00e2mb\u0103t\u0103 seara, 15 martie, de\u015fi \u00een seara zilei de joi, 13 martie, sunt posibile averse \u00eenso\u0163ite de desc\u0103rc\u0103ri electrice, arat\u0103 prognoza Administra\u0163iei Na\u0163ionale de Meteorologie (ANM).<\/p>\n<p>Potrivit meteorologilor, p\u00e2n\u0103 vineri, la ora 8:00, \u00een Capital\u0103, vremea va r\u0103m\u00e2ne foarte cald\u0103 pentru data din calendar, dar \u015fi v\u00e2ntul va fi prezent, cu viteze de 50 &#8211; 55 km\/h. Cerul va fi variabil, cu \u00eennor\u0103ri temporar accentuate mai ales dup\u0103-amiaza \u015fi seara, c\u00e2nd vor fi averse, posibil \u00eenso\u0163ite de desc\u0103rc\u0103ri electrice.<\/p>\n<p>Temperatura maxim\u0103 se va situa \u00een jurul valorii de 24 de grade, iar cea minim\u0103 va fi de 7 &#8211; 9 grade.<\/p>\n<p>De asemenea, \u00een perioada 14 martie, ora 8:00 &#8211; 15 martie, ora 8:00, vremea va fi predominant frumoas\u0103. Cerul va fi variabil, iar v\u00e2ntul va sufla slab \u015fi moderat. Maxima va ajunge la 23 &#8211; 24 de grade, \u00een timp ce minima va oscila \u00eentre 8 \u015fi 11 grade.<\/p>\n<p>S\u00e2mb\u0103t\u0103, 15 martie, \u00een intervalul orar 8:00 &#8211; 18:00, vremea va fi mult mai cald\u0103 dec\u00e2t \u00een mod obi\u015fnuit la aceast\u0103 dat\u0103, valorile termice fiind cu 15 &#8211; 16 grade peste mediile multianuale.<\/p>\n<p>Temperatura maxim\u0103 va fi \u00een jur de 28 de grade. Cerul va fi temporar noros, iar v\u00e2ntul va sufla slab \u015fi moderat.<\/p>","protected":false},"excerpt":{"rendered":"<p>Regimul termic va fi deosebit de ridicat pentru aceast\u0103 perioad\u0103 \u00een zona municipiului Bucure\u015fti p\u00e2n\u0103&hellip;<\/p>\n","protected":false},"author":0,"featured_media":39147,"comment_status":"open","ping_status":"open","sticky":false,"template":"","format":"standard","meta":{"footnotes":""},"categories":[2],"tags":[],"class_list":["post-39146","post","type-post","status-publish","format-standard","has-post-thumbnail","hentry","category-actual"],"_links":{"self":[{"href":"https:\/\/247stiri.ro\/index.php\/wp-json\/wp\/v2\/posts\/39146","targetHints":{"allow":["GET"]}}],"collection":[{"href":"https:\/\/247stiri.ro\/index.php\/wp-json\/wp\/v2\/posts"}],"about":[{"href":"https:\/\/247stiri.ro\/index.php\/wp-json\/wp\/v2\/types\/post"}],"replies":[{"embeddable":true,"href":"https:\/\/247stiri.ro\/index.php\/wp-json\/wp\/v2\/comments?post=39146"}],"version-history":[{"count":0,"href":"https:\/\/247stiri.ro\/index.php\/wp-json\/wp\/v2\/posts\/39146\/revisions"}],"wp:featuredmedia":[{"embeddable":true,"href":"https:\/\/247stiri.ro\/index.php\/wp-json\/wp\/v2\/media\/39147"}],"wp:attachment":[{"href":"https:\/\/247stiri.ro\/index.php\/wp-json\/wp\/v2\/media?parent=39146"}],"wp:term":[{"taxonomy":"category","embeddable":true,"href":"https:\/\/247stiri.ro\/index.php\/wp-json\/wp\/v2\/categories?post=39146"},{"taxonomy":"post_tag","embeddable":true,"href":"https:\/\/247stiri.ro\/index.php\/wp-json\/wp\/v2\/tags?post=39146"}],"curies":[{"name":"wp","href":"https:\/\/api.w.org\/{rel}","templated":true}]}}