{"id":39150,"date":"2025-03-13T12:45:18","date_gmt":"2025-03-13T12:45:18","guid":{"rendered":"https:\/\/247stiri.ro\/index.php\/2025\/03\/13\/sebastian-burduja-aproape-o-treime-din-tot-ceea-ce-produce-acum-romania-vine-din-centrale-eoliene-ce-spune-ministrul-despre-preturi\/"},"modified":"2025-03-13T12:45:18","modified_gmt":"2025-03-13T12:45:18","slug":"sebastian-burduja-aproape-o-treime-din-tot-ceea-ce-produce-acum-romania-vine-din-centrale-eoliene-ce-spune-ministrul-despre-preturi","status":"publish","type":"post","link":"https:\/\/247stiri.ro\/index.php\/2025\/03\/13\/sebastian-burduja-aproape-o-treime-din-tot-ceea-ce-produce-acum-romania-vine-din-centrale-eoliene-ce-spune-ministrul-despre-preturi\/","title":{"rendered":"Sebastian Burduja: &#8222;Aproape o treime din tot ceea ce produce acum Rom\u00e2nia, vine din centrale eoliene&#8221;. Ce spune ministrul despre PRE\u021aURI"},"content":{"rendered":"<p>\u201dEste o zi bun\u0103 pentru sectorul energetic. Dac\u0103 v\u0103 uita\u0163i pe site-ul transelectrica.ro, orice rom\u00e2n poate s\u0103 fac\u0103 acest exerci\u0163iu, ve\u0163i vedea c\u0103 exportul instantaneu e de 2.377 de megawatt, un export care se \u00eencadreaz\u0103 la o valoare foarte mare. Pentru c\u0103 bate v\u00e2ntul, avem o produc\u0163ie eolian\u0103 de 2.665 de megawatt. Aproape o treime, 32,2% din tot ceea ce produce acum Rom\u00e2nia, vine din centrale eoliene\u201d, a spus ministrul Energiei, dup\u0103 \u015fedin\u0163a de Guvern.<\/p>\n<p>El a precizat c\u0103 \u00een acest context al zilei de ast\u0103zi, Rom\u00e2nia are unul dintre cele mai mici pre\u0163uri pe bursa energiei la nivelul Uniunii Europene.<\/p>\n<p>\u201dSuntem \u00een top 5, cu 85,2 euro per megawatt \/ ora. G\u00e2ndi\u0163i-v\u0103 c\u0103 \u00een Germania este 125, \u00een Fran\u0163a 121, \u00een Polonia 130, \u00een Finlanda 174. E adev\u0103rat c\u0103 genul acesta de zi este mai pu\u0163in \u00eent\u00e2lnit dec\u00e2t zilele \u00een care energia din Vestul Europei este mai ieftin\u0103 dec\u00e2t la noi. Dar \u015fi pentru aceste situa\u0163ii, am insistat la nivel european c\u0103 e nevoie de interconexiuni. Dac\u0103 interconexiunile \u00een zona Austria-Slovacia, Austria-Ungaria ar fi existat ast\u0103zi, Vestul Europei ar fi avut pre\u0163uri mai mici\u201d, a subliniat Burduja.<\/p>\n<p>Potrivit ministrului Energiei, noul Comisariu European, Ursula von der Leyen, au ca prioritate zero dezvoltarea acestor interconexiuni, ceea ce pentru rom\u00e2ni va \u00eensemna mai mult\u0103 securitate energetic\u0103, dar \u015fi facturi mai mici, pentru c\u0103 pre\u0163urile coboar\u0103 atunci c\u00e2nd reu\u015fe\u015fti s\u0103 cre\u015fti oferta, s\u0103 ai o pia\u0163\u0103 cu acces la mai mult\u0103 energie.<\/p>\n<p>\u201dEste un pre\u0163 mic \u015fi pentru c\u0103 avem energie verde \u015fi, \u00een general, fotovoltaic-ul \u015fi eolian-ul \u00eenseamn\u0103 costuri mici de produc\u0163ie, deci pre\u0163uri mici de v\u00e2nzare. Nu oprim tranzi\u0163ia energetic\u0103, dar ea trebuie s\u0103 fie una \u00een\u0163eleapt\u0103, \u00een care nu renun\u0163\u0103m f\u0103r\u0103 s\u0103 punem nimic \u00een loc la c\u0103rbune \u015fi facem tranzi\u0163ia de la c\u0103rbune la gaz \u015fi, pe termen mediu \u015fi lung, de la gaz la nuclear\u201d, a mai spus el.<\/p>","protected":false},"excerpt":{"rendered":"<p>\u201dEste o zi bun\u0103 pentru sectorul energetic. Dac\u0103 v\u0103 uita\u0163i pe site-ul transelectrica.ro, orice rom\u00e2n&hellip;<\/p>\n","protected":false},"author":0,"featured_media":39134,"comment_status":"open","ping_status":"open","sticky":false,"template":"","format":"standard","meta":{"footnotes":""},"categories":[2],"tags":[],"class_list":["post-39150","post","type-post","status-publish","format-standard","has-post-thumbnail","hentry","category-actual"],"_links":{"self":[{"href":"https:\/\/247stiri.ro\/index.php\/wp-json\/wp\/v2\/posts\/39150","targetHints":{"allow":["GET"]}}],"collection":[{"href":"https:\/\/247stiri.ro\/index.php\/wp-json\/wp\/v2\/posts"}],"about":[{"href":"https:\/\/247stiri.ro\/index.php\/wp-json\/wp\/v2\/types\/post"}],"replies":[{"embeddable":true,"href":"https:\/\/247stiri.ro\/index.php\/wp-json\/wp\/v2\/comments?post=39150"}],"version-history":[{"count":0,"href":"https:\/\/247stiri.ro\/index.php\/wp-json\/wp\/v2\/posts\/39150\/revisions"}],"wp:featuredmedia":[{"embeddable":true,"href":"https:\/\/247stiri.ro\/index.php\/wp-json\/wp\/v2\/media\/39134"}],"wp:attachment":[{"href":"https:\/\/247stiri.ro\/index.php\/wp-json\/wp\/v2\/media?parent=39150"}],"wp:term":[{"taxonomy":"category","embeddable":true,"href":"https:\/\/247stiri.ro\/index.php\/wp-json\/wp\/v2\/categories?post=39150"},{"taxonomy":"post_tag","embeddable":true,"href":"https:\/\/247stiri.ro\/index.php\/wp-json\/wp\/v2\/tags?post=39150"}],"curies":[{"name":"wp","href":"https:\/\/api.w.org\/{rel}","templated":true}]}}