{"id":39165,"date":"2025-03-13T13:45:47","date_gmt":"2025-03-13T13:45:47","guid":{"rendered":"https:\/\/247stiri.ro\/index.php\/2025\/03\/13\/dan-tanasa-despre-acuzatiile-sistemului-privind-fraudarea-semnaturilor-pentru-george-simion-si-anamaria-gavrila-o-manipulare-ordinara\/"},"modified":"2025-03-13T13:45:47","modified_gmt":"2025-03-13T13:45:47","slug":"dan-tanasa-despre-acuzatiile-sistemului-privind-fraudarea-semnaturilor-pentru-george-simion-si-anamaria-gavrila-o-manipulare-ordinara","status":"publish","type":"post","link":"https:\/\/247stiri.ro\/index.php\/2025\/03\/13\/dan-tanasa-despre-acuzatiile-sistemului-privind-fraudarea-semnaturilor-pentru-george-simion-si-anamaria-gavrila-o-manipulare-ordinara\/","title":{"rendered":"Dan Tanas\u0103, despre acuza\u021biile sistemului privind fraudarea semn\u0103turilor pentru George Simion \u0219i Anamaria Gavril\u0103: \u201dO manipulare ordinar\u0103\u201d"},"content":{"rendered":"<p>Reprezentantul AUR a subliniat c\u0103 toate aceste afirma\u021bii sunt \u201do manipulare\u201d a sistemului, menit\u0103 s\u0103 creeze confuzie \u0219i s\u0103 pun\u0103 la \u00eendoial\u0103 <a href=\"https:\/\/www.realitatea.net\/stiri\/politica\/strategia-liderilor-suveranisti-in-lupta-pentru-presedintie-sistemul-tremura-dupa-lovitura-de-gratie_67d26a353fab050d076c3b92\" target=\"_blank\">mobilizarea f\u0103r\u0103 precedent a rom\u00e2nilor<\/a>.\u00a0<\/p>\n<p>\u201dAsist\u0103m la o nou\u0103 \u00eencercare disperat\u0103 a sistemului de a discredita mi\u0219carea suveranist\u0103 \u0219i de a reduce la t\u0103cere opozi\u021bia real\u0103 din Rom\u00e2nia!<\/p>\n<p>Acuza\u021biile ap\u0103rute \u00een pres\u0103 cu privire la presupuse fraude \u00een procesul de str\u00e2ngere a semn\u0103turilor pentru candidaturile lui George Simion \u0219i Anamaria Gavril\u0103 sunt o manipulare ordinar\u0103, menit\u0103 s\u0103 creeze confuzie \u0219i s\u0103 pun\u0103 la \u00eendoial\u0103 o mobilizare f\u0103r\u0103 precedent a rom\u00e2nilor (&#8230;).<\/p>\n<p>A\u0219a-zisele &#8216;dovezi&#8217; prezentate de pres\u0103 nu sunt altceva dec\u00e2t o intoxicare grosolan\u0103. Nu exist\u0103 nicio prob\u0103 real\u0103 c\u0103 persoanele din imagini ar fi reprezentan\u021bi AUR!\u201d, a transmis, joi Dan Tanas\u0103, \u00eentr-un comunicat de pres\u0103.<\/p>","protected":false},"excerpt":{"rendered":"<p>Reprezentantul AUR a subliniat c\u0103 toate aceste afirma\u021bii sunt \u201do manipulare\u201d a sistemului, menit\u0103 s\u0103&hellip;<\/p>\n","protected":false},"author":0,"featured_media":39161,"comment_status":"open","ping_status":"open","sticky":false,"template":"","format":"standard","meta":{"footnotes":""},"categories":[2],"tags":[],"class_list":["post-39165","post","type-post","status-publish","format-standard","has-post-thumbnail","hentry","category-actual"],"_links":{"self":[{"href":"https:\/\/247stiri.ro\/index.php\/wp-json\/wp\/v2\/posts\/39165","targetHints":{"allow":["GET"]}}],"collection":[{"href":"https:\/\/247stiri.ro\/index.php\/wp-json\/wp\/v2\/posts"}],"about":[{"href":"https:\/\/247stiri.ro\/index.php\/wp-json\/wp\/v2\/types\/post"}],"replies":[{"embeddable":true,"href":"https:\/\/247stiri.ro\/index.php\/wp-json\/wp\/v2\/comments?post=39165"}],"version-history":[{"count":0,"href":"https:\/\/247stiri.ro\/index.php\/wp-json\/wp\/v2\/posts\/39165\/revisions"}],"wp:featuredmedia":[{"embeddable":true,"href":"https:\/\/247stiri.ro\/index.php\/wp-json\/wp\/v2\/media\/39161"}],"wp:attachment":[{"href":"https:\/\/247stiri.ro\/index.php\/wp-json\/wp\/v2\/media?parent=39165"}],"wp:term":[{"taxonomy":"category","embeddable":true,"href":"https:\/\/247stiri.ro\/index.php\/wp-json\/wp\/v2\/categories?post=39165"},{"taxonomy":"post_tag","embeddable":true,"href":"https:\/\/247stiri.ro\/index.php\/wp-json\/wp\/v2\/tags?post=39165"}],"curies":[{"name":"wp","href":"https:\/\/api.w.org\/{rel}","templated":true}]}}