{"id":39169,"date":"2025-03-13T13:45:49","date_gmt":"2025-03-13T13:45:49","guid":{"rendered":"https:\/\/247stiri.ro\/index.php\/2025\/03\/13\/nereguli-grave-constatate-de-corpul-de-control-al-ministerului-mediului-in-urma-verificarilor-la-romsilva-sumele-lipsa-sunt-halucinante\/"},"modified":"2025-03-13T13:45:49","modified_gmt":"2025-03-13T13:45:49","slug":"nereguli-grave-constatate-de-corpul-de-control-al-ministerului-mediului-in-urma-verificarilor-la-romsilva-sumele-lipsa-sunt-halucinante","status":"publish","type":"post","link":"https:\/\/247stiri.ro\/index.php\/2025\/03\/13\/nereguli-grave-constatate-de-corpul-de-control-al-ministerului-mediului-in-urma-verificarilor-la-romsilva-sumele-lipsa-sunt-halucinante\/","title":{"rendered":"Nereguli grave, constatate de Corpul de control al Ministerului Mediului \u00een urma verific\u0103rilor la Romsilva. SUMELE lips\u0103 sunt halucinante"},"content":{"rendered":"<p>Ministrul Mediului Mircea Fechet a prezentat joi concluziile controlului la Romsilva, el ar\u0103t\u00e2nd c\u0103 din fondul de conservare \u015fi regenerare a p\u0103durilor lipsesc 24,7 milioane lei, iar din fondul de accesibilizare lipsesc 8,7 milioane lei. \u00cen plus, sunt 12 direc\u0163ii silvice care \u00een ultimii 5 ani au mers doar pe pierdere, iar \u00een cazul a 8 direc\u0163ii silvice cheltuielile cu personalul dep\u0103\u015fesc veniturile totale ale respectivei direc\u0163ii cu p\u00e2n\u0103 la de 3 ori mai mult.<\/p>\n<p>\u00a0 Ministrul Mediului a prezentat dup\u0103 \u015fedin\u0163a de Guvern concluziile preliminare ale Corpului de Control ca urmare a verific\u0103rilor f\u0103cute la sediul central al Romsilva.<\/p>\n<p>\u201dDeocamdat\u0103 am constatat c\u0103 din fondul de conservare \u015fi regenerare a p\u0103durilor lipsesc 24,7 milioane lei, iar din fondul de accesibilizare lipsesc 8,7 milioane lei. Aceste dou\u0103 fonduri au regim special, av\u00e2nd surse certe de constituire \u015fi destina\u0163ie clar\u0103 \u015fi orice leu cheltuit pentru alte obiective dec\u00e2t cele men\u0163ionate mai devreme necesit\u0103 o justificare extrem de solid\u0103\u201d, a spus ministrul Mediului.<\/p>\n<p>Potrivit lui Fechet, Corpul de control al ministerului a constatat c\u0103 exist\u0103 12 direc\u0163ii silvice care \u00een ultimii 5 ani au mers doar pe pierdere, iar \u00een cazul a 8 direc\u0163ii silvice cheltuielile cu personalul dep\u0103\u015fesc veniturile totale ale respectivei direc\u0163ii cu p\u00e2n\u0103 la de 3 ori mai mult.<\/p>\n<p><a href=\"https:\/\/www.realitatea.net\/stiri\/politica\/rimele-nejustificate-de-la-romsilva-in-atentia-guvernului-marcel-ciolacu-nu-vor-mai-exista-sefi-care-ies-la-pensie-cu-bonus-de-100-de-mii-de-euro_67d2a3f75267d660173cf1e2\" target=\"_blank\">PRIMELE NEJUSTIFICATE de la Romsilva, \u00een aten\u021bia Guvernului. Marcel Ciolacu: NU vor mai exista \u015fefi care ies la pensie cu bonus de 100 de mii de euro<\/a><\/p>\n<p>\u201dO alt\u0103 concluzie este legat\u0103 de valoarea premiilor acordate \u00een ultimii 5 ani, f\u0103r\u0103 respectarea prevederilor legale. Discut\u0103m de alte zeci de milioane de lei, o sum\u0103 constatat\u0103 de altfel \u015fi de auditul Cur\u0163ii de Conturi, ce se desf\u0103\u015foar\u0103 chiar acum la Regia na\u0163ional\u0103 Romsilva\u201d, a spus Mircea Fechet. Ministrul a salutat faptul c\u0103 39 de persoane cu func\u0163ie de conducere, din 19 direc\u0163ii silvice care au avut performan\u0163e slabe, nu vor mai primi indemniza\u0163ia de conducere.<\/p>\n<p>\u201dAceasta era de 30% \u00een plus fa\u0163\u0103 de salariul de baz\u0103, \u00eens\u0103 nu putem accepta ca ineficien\u0163a s\u0103 fie \u00eencurajat\u0103 sau premiat\u0103\u201d, a ar\u0103tat el.<\/p>\n<p>Ministrul a mai spus c\u0103 urmeaz\u0103 foarte repede hot\u0103r\u00e2rea de guvern privind reorganizarea Regiei na\u0163ionale a p\u0103durilor \u015fi va invita s\u0103pt\u0103m\u00e2na viitoare la minister at\u00e2t sindicatele c\u00e2t \u015fi conducerea executiv\u0103 a Regiei, pentru a demara de urgen\u0163\u0103 renegocierea contractului colectiv de munc\u0103, av\u00e2nd \u00een vedere ordonan\u0163a adoptat\u0103 ast\u0103zi \u00een guvern.<\/p>\n<p>\u201dPe scurt, \u00eemi propun s\u0103 elimin\u0103m din contractul colectiv de munc\u0103 acea prevedere care d\u0103dea posibilitatea Regiei s\u0103 acorde bonusurile la pensionare care pot ajunge \u015fi la 100.000 de euro\u201d, a completat ministrul.<\/p>","protected":false},"excerpt":{"rendered":"<p>Ministrul Mediului Mircea Fechet a prezentat joi concluziile controlului la Romsilva, el ar\u0103t\u00e2nd c\u0103 din&hellip;<\/p>\n","protected":false},"author":0,"featured_media":39163,"comment_status":"open","ping_status":"open","sticky":false,"template":"","format":"standard","meta":{"footnotes":""},"categories":[2],"tags":[],"class_list":["post-39169","post","type-post","status-publish","format-standard","has-post-thumbnail","hentry","category-actual"],"_links":{"self":[{"href":"https:\/\/247stiri.ro\/index.php\/wp-json\/wp\/v2\/posts\/39169","targetHints":{"allow":["GET"]}}],"collection":[{"href":"https:\/\/247stiri.ro\/index.php\/wp-json\/wp\/v2\/posts"}],"about":[{"href":"https:\/\/247stiri.ro\/index.php\/wp-json\/wp\/v2\/types\/post"}],"replies":[{"embeddable":true,"href":"https:\/\/247stiri.ro\/index.php\/wp-json\/wp\/v2\/comments?post=39169"}],"version-history":[{"count":0,"href":"https:\/\/247stiri.ro\/index.php\/wp-json\/wp\/v2\/posts\/39169\/revisions"}],"wp:featuredmedia":[{"embeddable":true,"href":"https:\/\/247stiri.ro\/index.php\/wp-json\/wp\/v2\/media\/39163"}],"wp:attachment":[{"href":"https:\/\/247stiri.ro\/index.php\/wp-json\/wp\/v2\/media?parent=39169"}],"wp:term":[{"taxonomy":"category","embeddable":true,"href":"https:\/\/247stiri.ro\/index.php\/wp-json\/wp\/v2\/categories?post=39169"},{"taxonomy":"post_tag","embeddable":true,"href":"https:\/\/247stiri.ro\/index.php\/wp-json\/wp\/v2\/tags?post=39169"}],"curies":[{"name":"wp","href":"https:\/\/api.w.org\/{rel}","templated":true}]}}