{"id":39183,"date":"2025-03-13T14:45:35","date_gmt":"2025-03-13T14:45:35","guid":{"rendered":"https:\/\/247stiri.ro\/index.php\/2025\/03\/13\/crin-antonescu-mai-scapa-de-o-contestatie-la-candidatura-care-erau-acuzatiile\/"},"modified":"2025-03-13T14:45:35","modified_gmt":"2025-03-13T14:45:35","slug":"crin-antonescu-mai-scapa-de-o-contestatie-la-candidatura-care-erau-acuzatiile","status":"publish","type":"post","link":"https:\/\/247stiri.ro\/index.php\/2025\/03\/13\/crin-antonescu-mai-scapa-de-o-contestatie-la-candidatura-care-erau-acuzatiile\/","title":{"rendered":"Crin Antonescu mai scap\u0103 de o contesta\u021bie la candidatur\u0103. Care erau acuza\u021biile"},"content":{"rendered":"<p>O nou\u0103 contesta\u0163ie formulat\u0103 \u00eempotriva \u00eenregistr\u0103rii candidaturii lui Crin Antonescu la alegerile preziden\u0163iale din luna mai a fost respins\u0103 joi, 13 martie, de Curtea Constitu\u0163ional\u0103 a Rom\u00e2niei cu unanimitate de voturi.<\/p>\n<p>Curtea Constitu\u021bional\u0103 a Rom\u00e2niei s-a reunit joi, 13 martie, la ora 14.00, pentru a analiza noile contesta\u021bii depuse \u00een cadrul alegerilor pentru func\u021bia de pre\u0219edinte al Rom\u00e2niei. Judec\u0103torii constitu\u021bionali au examinat sesiz\u0103rile primite p\u00e2n\u0103 la ora 13.30. Una dintre acestea referindu-se la candidatura lui Crin Antonescu.<\/p>\n<p>\u201d\u00cen data de 12 martie 2025, a fost \u00eenregistrat\u0103 la Curtea Constitu\u0163ional\u0103 contesta\u0163ia formulat\u0103 de domnul S.C.A. \u00eempotriva Deciziei Biroului Electoral Central nr.20D\/11.03.2025 privind \u00eenregistrarea candidaturii domnului ANTONESCU George Crin Lauren\u0163iu \u015fi a semnului electoral la alegerile pentru Pre\u015fedintele Rom\u00e2niei din anul 2025\u201d, a transmis CCR.<\/p>\n<p>Contesta\u0163ia a format obiectul Dosarului Cur\u0163ii Constitu\u0163ionale nr.980F\/2025.<\/p>\n<p>Semnatarul sesiz\u0103rii a apreciat c\u0103, de\u015fi jur\u0103m\u00e2ntul de credin\u0163\u0103 se depune de c\u0103tre candidatul c\u00e2\u015ftig\u0103tor al alegerilor, \u201delementele cuprinse \u00een jur\u0103m\u00e2ntul de credin\u0163\u0103 sunt condi\u0163ii de eligibilitate \u015fi de fond pentru a candida la func\u0163ia de pre\u015fedinte pe care candidatul trebuie s\u0103 le \u00eendeplineasc\u0103\u201d.<\/p>\n<p>\u201dConsider c\u0103 ac\u0163iunile \u015fi faptele domnului Crin Antonescu, anterioare depunerii candidaturii (&#8230;) dovedesc c\u0103 acesta nu ar putea \u00eendeplini condi\u0163iile de eligibilitate\u201d, se arat\u0103 \u00een document.<\/p>\n<p>Semnatarul afirm\u0103 c\u0103, \u00een anul 2015, Crin Antonescu a afirmat c\u0103 este un admirator al lui Ion Gavril\u0103 Ogoranu, fost membru al Mi\u015fc\u0103rii Legionare, pe care l-a calificat ca fiind \u201dun erou al Rom\u00e2niei\u201d.<\/p>\n<p>Candidatul mai este acuzat de \u201dtentativ\u0103 de lovitur\u0103 de stat\u201d, prin semnarea protocolului de constituire a USL care ulterior a \u201drevocat conducerea Parlamentului, a schimbat Avocatul Poporului, a ini\u0163iat \u015fi votat suspendarea pre\u015fedintelui Traian B\u0103sescu\u201d.<\/p>\n<p>Antonescu a mai fost acuzat \u00een contesta\u021bia de la CCR de \u201dsus\u0163inerea declarat\u0103 a formei de guvern\u0103m\u00e2nt a monarhiei\u201d.<\/p>","protected":false},"excerpt":{"rendered":"<p>O nou\u0103 contesta\u0163ie formulat\u0103 \u00eempotriva \u00eenregistr\u0103rii candidaturii lui Crin Antonescu la alegerile preziden\u0163iale din luna&hellip;<\/p>\n","protected":false},"author":0,"featured_media":39175,"comment_status":"open","ping_status":"open","sticky":false,"template":"","format":"standard","meta":{"footnotes":""},"categories":[2],"tags":[],"class_list":["post-39183","post","type-post","status-publish","format-standard","has-post-thumbnail","hentry","category-actual"],"_links":{"self":[{"href":"https:\/\/247stiri.ro\/index.php\/wp-json\/wp\/v2\/posts\/39183","targetHints":{"allow":["GET"]}}],"collection":[{"href":"https:\/\/247stiri.ro\/index.php\/wp-json\/wp\/v2\/posts"}],"about":[{"href":"https:\/\/247stiri.ro\/index.php\/wp-json\/wp\/v2\/types\/post"}],"replies":[{"embeddable":true,"href":"https:\/\/247stiri.ro\/index.php\/wp-json\/wp\/v2\/comments?post=39183"}],"version-history":[{"count":0,"href":"https:\/\/247stiri.ro\/index.php\/wp-json\/wp\/v2\/posts\/39183\/revisions"}],"wp:featuredmedia":[{"embeddable":true,"href":"https:\/\/247stiri.ro\/index.php\/wp-json\/wp\/v2\/media\/39175"}],"wp:attachment":[{"href":"https:\/\/247stiri.ro\/index.php\/wp-json\/wp\/v2\/media?parent=39183"}],"wp:term":[{"taxonomy":"category","embeddable":true,"href":"https:\/\/247stiri.ro\/index.php\/wp-json\/wp\/v2\/categories?post=39183"},{"taxonomy":"post_tag","embeddable":true,"href":"https:\/\/247stiri.ro\/index.php\/wp-json\/wp\/v2\/tags?post=39183"}],"curies":[{"name":"wp","href":"https:\/\/api.w.org\/{rel}","templated":true}]}}