{"id":39184,"date":"2025-03-13T14:45:36","date_gmt":"2025-03-13T14:45:36","guid":{"rendered":"https:\/\/247stiri.ro\/index.php\/2025\/03\/13\/barbat-din-olt-suspectat-ca-si-ar-fi-agresat-fiul-in-varsta-de-5-ani-politia-a-intrat-pe-fir-si-a-deschis-un-dosar-penal\/"},"modified":"2025-03-13T14:45:36","modified_gmt":"2025-03-13T14:45:36","slug":"barbat-din-olt-suspectat-ca-si-ar-fi-agresat-fiul-in-varsta-de-5-ani-politia-a-intrat-pe-fir-si-a-deschis-un-dosar-penal","status":"publish","type":"post","link":"https:\/\/247stiri.ro\/index.php\/2025\/03\/13\/barbat-din-olt-suspectat-ca-si-ar-fi-agresat-fiul-in-varsta-de-5-ani-politia-a-intrat-pe-fir-si-a-deschis-un-dosar-penal\/","title":{"rendered":"B\u0103rbat din Olt, suspectat c\u0103 \u0219i-ar fi agresat fiul \u00een v\u00e2rst\u0103 de 5 ani. Poli\u021bia a intrat pe fir \u0219i a deschis un dosar penal"},"content":{"rendered":"<p>Poli\u0163i\u015ftii din cadrul Poli\u0163iei ora\u015fului Bal\u015f au intervenit \u00een acest caz \u0219i au deschis o anchet\u0103, dup\u0103 ce au primit o sesizare conform c\u0103reia b\u0103rbatul \u0219i-ar <a href=\"https:\/\/www.realitatea.net\/stiri\/actual\/copil-de-11-ani-batut-cu-bestialitate-de-tatal-prietenului-sau-de-joaca-parintele-agresor-a-incercat-apoi-sa-cumpere-tacerea-familiei-victimei_667fb732608a993a6e179484\" target=\"_blank\">agresa propriul copil.\u00a0<\/a><\/p>\n<p>\u201dLa data de 28 februarie 2025, poli\u0163i\u015ftii din cadrul Poli\u0163iei ora\u015fului Bal\u015f au fost sesiza\u0163i cu privire la faptul c\u0103 un b\u0103rbat din localitate \u015fi-ar fi agresat fizic \u015fi verbal fiul, un minor de 5 ani, pe care l-ar fi supus \u015fi la tratamente de natur\u0103 a-i afecta dezvoltarea fizic\u0103, intelectual\u0103 sau moral\u0103\u201d, au anun\u0163at, joi, reprezentan\u0163ii IPJ Olt.<\/p>\n<p>\u00cen urma acestei sesiz\u0103ri, oamenii legii au deschis un dosar penal pentru s\u0103v\u00e2r\u015firea infrac\u0163iunilor de lovirea sau alte violen\u0163e, violen\u0163\u0103 \u00een familie \u015fi rele tratamente aplicate minorului.<\/p>","protected":false},"excerpt":{"rendered":"<p>Poli\u0163i\u015ftii din cadrul Poli\u0163iei ora\u015fului Bal\u015f au intervenit \u00een acest caz \u0219i au deschis o&hellip;<\/p>\n","protected":false},"author":0,"featured_media":39185,"comment_status":"open","ping_status":"open","sticky":false,"template":"","format":"standard","meta":{"footnotes":""},"categories":[2],"tags":[],"class_list":["post-39184","post","type-post","status-publish","format-standard","has-post-thumbnail","hentry","category-actual"],"_links":{"self":[{"href":"https:\/\/247stiri.ro\/index.php\/wp-json\/wp\/v2\/posts\/39184","targetHints":{"allow":["GET"]}}],"collection":[{"href":"https:\/\/247stiri.ro\/index.php\/wp-json\/wp\/v2\/posts"}],"about":[{"href":"https:\/\/247stiri.ro\/index.php\/wp-json\/wp\/v2\/types\/post"}],"replies":[{"embeddable":true,"href":"https:\/\/247stiri.ro\/index.php\/wp-json\/wp\/v2\/comments?post=39184"}],"version-history":[{"count":0,"href":"https:\/\/247stiri.ro\/index.php\/wp-json\/wp\/v2\/posts\/39184\/revisions"}],"wp:featuredmedia":[{"embeddable":true,"href":"https:\/\/247stiri.ro\/index.php\/wp-json\/wp\/v2\/media\/39185"}],"wp:attachment":[{"href":"https:\/\/247stiri.ro\/index.php\/wp-json\/wp\/v2\/media?parent=39184"}],"wp:term":[{"taxonomy":"category","embeddable":true,"href":"https:\/\/247stiri.ro\/index.php\/wp-json\/wp\/v2\/categories?post=39184"},{"taxonomy":"post_tag","embeddable":true,"href":"https:\/\/247stiri.ro\/index.php\/wp-json\/wp\/v2\/tags?post=39184"}],"curies":[{"name":"wp","href":"https:\/\/api.w.org\/{rel}","templated":true}]}}