{"id":39188,"date":"2025-03-13T14:45:37","date_gmt":"2025-03-13T14:45:37","guid":{"rendered":"https:\/\/247stiri.ro\/index.php\/2025\/03\/13\/avertismentul-economistilor-preturile-la-energie-si-carburanti-vor-exploda\/"},"modified":"2025-03-13T14:45:37","modified_gmt":"2025-03-13T14:45:37","slug":"avertismentul-economistilor-preturile-la-energie-si-carburanti-vor-exploda","status":"publish","type":"post","link":"https:\/\/247stiri.ro\/index.php\/2025\/03\/13\/avertismentul-economistilor-preturile-la-energie-si-carburanti-vor-exploda\/","title":{"rendered":"Avertismentul economi\u0219tilor: Pre\u021burile la energie \u0219i carburan\u021bi vor exploda"},"content":{"rendered":"<p>Cum oamenii \u015fi-au redus drastic cump\u0103r\u0103turile, tot mai multe firme \u00eencep s\u0103 aib\u0103 probleme cu v\u00e2nz\u0103rile, iar efectele se v\u0103d \u00een accentuarea blocajului financiar \u015fi \u00eenghe\u0163area investi\u0163iilor \u015fi a salariilor. Dup\u0103 un an 2024 \u00een care am avut cel mai sc\u0103zut ritm de cre\u015ftere economic\u0103 din ultimii 20 de ani, except\u00e2nd anul pandemiei, toate datele macroeconomice creeaz\u0103 premizele unei adev\u0103rate stagn\u0103ri economice \u00een 2025, chiar cu pericolul unei recesiuni tehnice. Acest lucru ar putea deveni realitate dac\u0103 consumul, principalul motor al economiei, va continua s\u0103 \u00ee\u015fi reduc\u0103 tura\u0163ia\u201d, a explicat Negrescu.<\/p>\n<p>Potrivit acestuia, cre\u015fterea infla\u0163iei este \u201eefectul direct\u201d al major\u0103rii taxelor de la 1 ianuarie, al elimin\u0103rii facilit\u0103\u0163ilor fiscale \u015fi al cre\u015fterii salariului minim pe economie.<\/p>\n<p>\u201eCosturile mari cu energia, gazele, carburan\u0163ii au generat, bine\u00een\u0163eles, costuri mai mari \u00een cascad\u0103, iar efectele le sim\u0163im cu to\u0163ii. Chiar dac\u0103 politicienii se laud\u0103 c\u0103 au reu\u015fit s\u0103 reduc\u0103 infla\u0163ia la 5%, realitatea este cu totul alta. Pre\u0163urile nu scad \u00een Rom\u00e2nia, ci doar \u00ee\u015fi tempereaz\u0103 cre\u015fterea. Altfel spus, de la o lun\u0103 la alta, pre\u0163urile sunt mai mari at\u00e2t la alimente, produse nealimentare, dar mai ales la servicii, iar efectele le vedem \u00een buzunarele noastre, \u00een valoarea tot mai mic\u0103 a banilor pe care \u00eei c\u00e2\u015ftig\u0103m\u201d, afirm\u0103 economistul.<\/p>\n<p>Adrian Negrescu spune c\u0103 infla\u0163ia \u00een cre\u015ftere mai arat\u0103 un lucru evident, \u015fi anume c\u0103 plafon\u0103rile adaosului comercial nu au temperat cre\u015fterile de pre\u0163uri, ci dimpotriv\u0103, au contribuit la cre\u015fterea pre\u0163urilor celorlalte produse.<\/p>\n<p>\u201eDin aceast\u0103 perspectiv\u0103, cred c\u0103 aceast\u0103 m\u0103sur\u0103 ar trebui eliminat\u0103 pentru a da posibilitatea magazinelor s\u0103 concureze cu adev\u0103rat \u00eentre ele, mai ales pe segmentul produselor alimentare de baz\u0103\u201d, a punctat Negrescu.<\/p>\n<p>Acesta consider\u0103 c\u0103 infla\u0163ia de 5% din februarie reprezint\u0103 doar \u201eo fotografie de moment\u201d pentru c\u0103, privind \u00een perspectiv\u0103, dincolo de perioada \u201epatimilor financiare\u201d de Pa\u015fte, c\u00e2nd rom\u00e2nii vor avea \u201ecele mai mari pre\u0163uri la alimente din ultimii 20 de ani raportat la puterea de cump\u0103rare\u201d, ne a\u015fteapt\u0103 \u201eo cre\u015ftere generalizat\u0103 a pre\u0163urilor din var\u0103, urmare a liberaliz\u0103rii pie\u0163ei de energie\u201d.<\/p>\n<p>\u201eNu este exclus ca prognozele super optimiste ale BNR legate de infla\u0163ie (3,8%) s\u0103 fie spulberate de t\u0103v\u0103lugul scumpirilor generate de cre\u015fterea pre\u0163urilor la energie \u015fi carburan\u0163i, de la 1 iulie. Facturile la energie se vor dubla, practic, pentru majoritatea consumatorilor, iar cre\u015fterea accizelor la carburan\u0163i va contribui \u015fi ea la conturarea unui nou puseu infla\u0163ionist\u201d, apreciaz\u0103 Negrescu.<\/p>\n<p>Mai mult chiar, afirm\u0103 acesta, r\u0103zboiul tarifelor declan\u015fat de Donald Trump \u201ear putea contribui \u015fi el la conturarea unui nou val de infla\u0163ie la nivel mondial care, cu siguran\u0163\u0103\u201d, va afecta \u015fi Rom\u00e2nia.<\/p>\n<p>\u201e\u00cen esen\u0163\u0103, 2025 va fi \u00eenc\u0103 un an \u00een care infla\u0163ia se va afla \u00een prim-plan cu efectele sale negative pentru popula\u0163ie \u015fi firme \u015fi pozitive pentru statul rom\u00e2n \u2013 cu c\u00e2t pre\u0163urile sunt mai mari, cu at\u00e2t statul adun\u0103 mai mul\u0163i bani la buget. S-ar putea \u00eens\u0103 ca acest calcul cinic f\u0103cut de guvernan\u0163i, c\u0103 vor aduna mai mul\u0163i bani printr-o infla\u0163ie ridicat\u0103, s\u0103 fie dat peste cap de realitatea economic\u0103, de sc\u0103derea consumului \u015fi de intrarea unei bune p\u0103r\u0163i a economiei \u00een zona gri, a tranzac\u0163iilor f\u0103r\u0103 plata taxelor \u015fi a impozitelor\u201d, a conchis Adrian Negrescu.<\/p>\n<p>Rata anual\u0103 a infla\u0163iei \u00een luna februarie 2025 comparativ cu luna februarie 2024 a fost 5%, \u00een cre\u015ftere de la 4,95% \u00een ianuarie, arat\u0103 datele Institutului Na\u0163ional de Statistic\u0103 (INS). Rata medie a modific\u0103rii pre\u0163urilor de consum \u00een ultimele 12 luni (martie 2024 \u2013 februarie 2025) fa\u0163\u0103 de precedentele 12 luni (martie 2023 \u2013 februarie 2024) determinat\u0103 pe baza IAPC a fost 5,5%.<\/p>\n<p>M\u0103rfurile alimentare s-au scumpit cu 4,54%, \u00een februarie 2025 fa\u0163\u0103 de februarie 2024, \u015fi cu 0,73% fa\u0163\u0103 de ianuarie 2025. Cel mai mult s-a scumpit margarina, cu 17%, \u00een februarie 2025 fa\u0163\u0103 de februarie 2024, \u015fi s-a ieftinit cu 0,36% fa\u0163\u0103 de ianuarie 2025. Cel mai mult s-a ieftinit zah\u0103rul, cu 5,86%, \u00een februarie 2025 fa\u0163\u0103 de februarie 2024, \u015fi cu 0,16% fa\u0163\u0103 de ianuarie 2025.<\/p>\n<p>M\u0103rfurile nealimentare s-au scumpit cu 4,79%, \u00een februarie 2025 fa\u0163\u0103 de februarie 2024, \u015fi cu 1,08% fa\u0163\u0103 de ianuarie 2025. La aceast\u0103 categorie, cel mai mult s-au scumpit detergen\u0163ii, cu 9,64%, \u00een februarie 2025 fa\u0163\u0103 de februarie 2024, \u015fi cu 0,78%, fa\u0163\u0103 de ianuarie 2025.<\/p>\n<p>Serviciile s-au scumpit cu 6,42%, \u00een februarie 2025 fa\u0163\u0103 de februarie 2024, \u015fi cu 0,66%, fa\u0163\u0103 de ianuarie 2025. Aici cel mai mult s-au scumpit serviciile de igien\u0103 \u015fi cosmetic\u0103, cu 12,88%, \u00een februarie 2025 fa\u0163\u0103 de februarie 2024, \u015fi cu 2,57%, fa\u0163\u0103 de ianuarie 2025. Cel mai mult s-au ieftinit serviciile de telefonie, cu 4,78%, \u00een februarie 2025 fa\u0163\u0103 de februarie 2024.<\/p>","protected":false},"excerpt":{"rendered":"<p>Cum oamenii \u015fi-au redus drastic cump\u0103r\u0103turile, tot mai multe firme \u00eencep s\u0103 aib\u0103 probleme cu&hellip;<\/p>\n","protected":false},"author":0,"featured_media":39189,"comment_status":"open","ping_status":"open","sticky":false,"template":"","format":"standard","meta":{"footnotes":""},"categories":[2],"tags":[],"class_list":["post-39188","post","type-post","status-publish","format-standard","has-post-thumbnail","hentry","category-actual"],"_links":{"self":[{"href":"https:\/\/247stiri.ro\/index.php\/wp-json\/wp\/v2\/posts\/39188","targetHints":{"allow":["GET"]}}],"collection":[{"href":"https:\/\/247stiri.ro\/index.php\/wp-json\/wp\/v2\/posts"}],"about":[{"href":"https:\/\/247stiri.ro\/index.php\/wp-json\/wp\/v2\/types\/post"}],"replies":[{"embeddable":true,"href":"https:\/\/247stiri.ro\/index.php\/wp-json\/wp\/v2\/comments?post=39188"}],"version-history":[{"count":0,"href":"https:\/\/247stiri.ro\/index.php\/wp-json\/wp\/v2\/posts\/39188\/revisions"}],"wp:featuredmedia":[{"embeddable":true,"href":"https:\/\/247stiri.ro\/index.php\/wp-json\/wp\/v2\/media\/39189"}],"wp:attachment":[{"href":"https:\/\/247stiri.ro\/index.php\/wp-json\/wp\/v2\/media?parent=39188"}],"wp:term":[{"taxonomy":"category","embeddable":true,"href":"https:\/\/247stiri.ro\/index.php\/wp-json\/wp\/v2\/categories?post=39188"},{"taxonomy":"post_tag","embeddable":true,"href":"https:\/\/247stiri.ro\/index.php\/wp-json\/wp\/v2\/tags?post=39188"}],"curies":[{"name":"wp","href":"https:\/\/api.w.org\/{rel}","templated":true}]}}