{"id":3919,"date":"2024-11-02T14:44:48","date_gmt":"2024-11-02T14:44:48","guid":{"rendered":"https:\/\/247stiri.ro\/index.php\/2024\/11\/02\/ghinion-la-clubul-colectiv-la-un-pas-de-o-noua-tragedie-la-9-ani-de-la-incendiul-devastator-este-un-semn\/"},"modified":"2024-11-02T14:44:48","modified_gmt":"2024-11-02T14:44:48","slug":"ghinion-la-clubul-colectiv-la-un-pas-de-o-noua-tragedie-la-9-ani-de-la-incendiul-devastator-este-un-semn","status":"publish","type":"post","link":"https:\/\/247stiri.ro\/index.php\/2024\/11\/02\/ghinion-la-clubul-colectiv-la-un-pas-de-o-noua-tragedie-la-9-ani-de-la-incendiul-devastator-este-un-semn\/","title":{"rendered":"Ghinion la Clubul Colectiv. La un pas de o nou\u0103 tragedie la 9 ani de la incendiul devastator: \u201eEste un semn\u201d"},"content":{"rendered":"<p>Pe 30 octombrie, <a href=\"https:\/\/www.realitatea.net\/stiri\/actual\/familiile-si-supravietuitorii-tragediei-de-la-colectiv-obligati-sa-returneze-o-parte-din-banii-primiti-din-despagubiri_672334024e16f01cb26f0582\" target=\"_blank\" rel=\"noopener\">rudele victimelor \u0219i numero\u0219i oameni<\/a> veni\u021bi s\u0103-\u0219i aminteasc\u0103 de cei disp\u0103ru\u021bi au aprins lum\u00e2n\u0103ri \u00een fa\u021ba locului, dar fl\u0103c\u0103rile au fost la un pas s\u0103 aprind\u0103 din nou spa\u021biul.<\/p>\n<p>Mul\u021bi dintre cei prezen\u021bi au considerat c\u0103 acest incident este un semn. \u201eEste ca \u0219i cum cei care au murit vor s\u0103 ne transmit\u0103 un mesaj,\u201d au spus unii participan\u021bi. Incidentul s-a petrecut la doar c\u00e2teva zile dup\u0103 comemorarea celor 9 ani de la tragedia din Colectiv, accentu\u00e2nd durerea \u0219i nelini\u0219tea celor prezen\u021bi. Din fericire, focul a fost stins rapid \u00eenainte de a ajunge la panoul electric, evit\u00e2nd astfel o nou\u0103 tragedie.<\/p>\n<p>Comemorare marcat\u0103 de durere \u0219i semne de avertizare<\/p>\n<p>Cei prezen\u021bi au adus flori, coroane \u0219i obiecte personale \u00een amintirea victimelor. \u00cens\u0103 momentul solemn a fost tulburat de pericolul unei reaprinderi a locului, iar discu\u021biile online au fost pline de reac\u021bii care subliniaz\u0103 simbolismul incidentului. \u201eEste un semn,\u201d \u201eCei pierdu\u021bi \u00een Colectiv \u0219i-au f\u0103cut sim\u021bit\u0103 prezen\u021ba,\u201d au comentat unii utilizatori pe TikTok.<\/p>\n<p>\u00cen timp ce oamenii continu\u0103 s\u0103 cear\u0103 dreptate, familiile victimelor sunt nevoite s\u0103 fac\u0103 fa\u021b\u0103 \u0219i unei noi provoc\u0103ri legale. Inspectoratul pentru Situa\u021bii de Urgen\u021b\u0103 (ISU) le-a solicitat returnarea unei p\u0103r\u021bi din compensa\u021biile primite, fapt ce a st\u00e2rnit indignare \u00een r\u00e2ndul acestora.<\/p>\n<p>O poveste de supravie\u021buire \u0219i speran\u021b\u0103<\/p>\n<p>Adina Apostol, una dintre supravie\u021buitoarele incendiului, este o m\u0103rturie a rezilien\u021bei \u0219i a speran\u021bei. La doar 26 de ani, a fost grav r\u0103nit\u0103 \u0219i transportat\u0103 ulterior \u00een Belgia pentru tratament. Dup\u0103 o lung\u0103 perioad\u0103 de recuperare, \u00een august acum doi ani, Adina a devenit mam\u0103, aduc\u00e2nd pe lume o feti\u021b\u0103 pe nume Iris Claudia Maria.<\/p>\n<p>Noua situa\u021bie din <a href=\"https:\/\/www.realitatea.net\/stiri\/actual\/nicolae-ciuca-mesaj-la-9-ani-de-la-colectiv-tragedia-de-la-colectiv-nu-trebuie-sa-se-mai-intample-vreodata_672274d9cdae716a43026a53\" target=\"_blank\" rel=\"noopener\">fa\u021ba fostului club Colectiv<\/a> reaminte\u0219te de suferin\u021bele ad\u00e2nci r\u0103mase \u00een urma acelei nop\u021bi fatidice \u0219i de nevoia unei justi\u021bii durabile pentru victime \u0219i familiile lor.<\/p>\n<p><a title=\"@laur.albu\" href=\"https:\/\/www.tiktok.com\/@laur.albu?refer=embed\" target=\"_blank\" rel=\"noopener\">@laur.albu<\/a> Era sa se int\u00e2mple inca o tracedie la colectiv :Vreti partea a 2?? <a title=\"colectiv\" href=\"https:\/\/www.tiktok.com\/tag\/colectiv?refer=embed\" target=\"_blank\" rel=\"noopener\">#colectiv<\/a> <a title=\"\u266c sunet original - A.L.B.N.E.G.R.U\" href=\"https:\/\/www.tiktok.com\/music\/sunet-original-6889631257962400514?refer=embed\" target=\"_blank\" rel=\"noopener\">\u266c sunet original &#8211; A.L.B.N.E.G.R.U<\/a><\/p>","protected":false},"excerpt":{"rendered":"<p>Pe 30 octombrie, rudele victimelor \u0219i numero\u0219i oameni veni\u021bi s\u0103-\u0219i aminteasc\u0103 de cei disp\u0103ru\u021bi au&hellip;<\/p>\n","protected":false},"author":0,"featured_media":3920,"comment_status":"open","ping_status":"open","sticky":false,"template":"","format":"standard","meta":{"footnotes":""},"categories":[2],"tags":[],"class_list":["post-3919","post","type-post","status-publish","format-standard","has-post-thumbnail","hentry","category-actual"],"_links":{"self":[{"href":"https:\/\/247stiri.ro\/index.php\/wp-json\/wp\/v2\/posts\/3919","targetHints":{"allow":["GET"]}}],"collection":[{"href":"https:\/\/247stiri.ro\/index.php\/wp-json\/wp\/v2\/posts"}],"about":[{"href":"https:\/\/247stiri.ro\/index.php\/wp-json\/wp\/v2\/types\/post"}],"replies":[{"embeddable":true,"href":"https:\/\/247stiri.ro\/index.php\/wp-json\/wp\/v2\/comments?post=3919"}],"version-history":[{"count":0,"href":"https:\/\/247stiri.ro\/index.php\/wp-json\/wp\/v2\/posts\/3919\/revisions"}],"wp:featuredmedia":[{"embeddable":true,"href":"https:\/\/247stiri.ro\/index.php\/wp-json\/wp\/v2\/media\/3920"}],"wp:attachment":[{"href":"https:\/\/247stiri.ro\/index.php\/wp-json\/wp\/v2\/media?parent=3919"}],"wp:term":[{"taxonomy":"category","embeddable":true,"href":"https:\/\/247stiri.ro\/index.php\/wp-json\/wp\/v2\/categories?post=3919"},{"taxonomy":"post_tag","embeddable":true,"href":"https:\/\/247stiri.ro\/index.php\/wp-json\/wp\/v2\/tags?post=3919"}],"curies":[{"name":"wp","href":"https:\/\/api.w.org\/{rel}","templated":true}]}}