{"id":39190,"date":"2025-03-13T14:45:38","date_gmt":"2025-03-13T14:45:38","guid":{"rendered":"https:\/\/247stiri.ro\/index.php\/2025\/03\/13\/mare-atentie-soferi-restrictii-de-trafic-pe-un-drum-national-extrem-de-circulat-din-cauza-unui-pod-care-sta-sa-cada\/"},"modified":"2025-03-13T14:45:38","modified_gmt":"2025-03-13T14:45:38","slug":"mare-atentie-soferi-restrictii-de-trafic-pe-un-drum-national-extrem-de-circulat-din-cauza-unui-pod-care-sta-sa-cada","status":"publish","type":"post","link":"https:\/\/247stiri.ro\/index.php\/2025\/03\/13\/mare-atentie-soferi-restrictii-de-trafic-pe-un-drum-national-extrem-de-circulat-din-cauza-unui-pod-care-sta-sa-cada\/","title":{"rendered":"Mare aten\u021bie, \u0219oferi! Restric\u021bii de trafic pe un drum na\u021bional extrem de circulat din cauza unui pod care st\u0103 s\u0103 cad\u0103"},"content":{"rendered":"<p>DRDP Buz\u0103u a anun\u021bat joi, restric\u0163ii de <a href=\"https:\/\/www.realitatea.net\/stiri\/actual\/se-intampla-in-vaslui-siguranta-circulatiei-a-fost-pusa-in-pericol-dupa-ce-hotii-au-furat-acumulatorii-de-la-semnalizarea-rutiera_67d29375303d3d08947e601a\" target=\"_blank\">trafic<\/a>, \u201durmare a degrad\u0103rilor majore ap\u0103rute la trotuarul st\u00e2ng al podului de pe drumul na\u0163ional DN 10, la km 67+190, ora\u015f Nehoiu, jude\u0163ul Buz\u0103u \u015fi av\u00e2nd \u00een vedere gravitatea constat\u0103rilor din expertiza tehnic\u0103 care \u00eencadreaz\u0103 podul \u00een clasa tehnic\u0103 IV \u015fi degrad\u0103rile ap\u0103rute ulterior realiz\u0103rii expertizei\u201d.<\/p>\n<p>\u201d\u00cencep\u00e2nd cu data de 13.03.2025, se va reamenaja sectorul de drum de la km 67+090 p\u00e2n\u0103 la km 67+280, din trafic rutier din ambele sensuri pe c\u00e2te o band\u0103 pe sens, \u00een circula\u0163ie pe o singur\u0103 band\u0103 din ambele sensuri. Prioritatea de trecere pe pod o vor avea participan\u0163ii la trafic ce se deplaseaz\u0103 pe direc\u0163ia de mers Buz\u0103u \u2013 Bra\u015fov\u201d, a transmis DRDP Buz\u0103u.Av\u00e2nd \u00een vedere starea podului, autorit\u0103\u021bile au decis limitarea vitezei la 30 km\/h sau chiar 10 km\/h \u015fi au impus restric\u0163ii de acces pentru vehiculele grele.<\/p>\n<p>\u201dSe interzice accesul vehiculelor cu o mas\u0103 total\u0103 maxim\u0103 autorizat\u0103 (MTMA) mai mare de 30 de tone. De asemenea, drumul va fi \u00eengustat pe ambele p\u0103r\u0163i, se va institui regim de prioritate fa\u0163\u0103 de circula\u0163ia din sens invers \u015fi se va trece la semnalizare de pericol cu balize\u201d, a mai transmis DRDP Buz\u0103u.<\/p>\n<p>Potrivit reprezentan\u021bilor institu\u021biei, decizia a fost luat\u0103 \u201dpentru a asigura siguran\u0163a traficului, prevenind accidentele \u015fi deteriorarea drumului, \u00een condi\u0163ii de trafic intens sau \u00een zone dificile\u201d.<\/p>","protected":false},"excerpt":{"rendered":"<p>DRDP Buz\u0103u a anun\u021bat joi, restric\u0163ii de trafic, \u201durmare a degrad\u0103rilor majore ap\u0103rute la trotuarul&hellip;<\/p>\n","protected":false},"author":0,"featured_media":39191,"comment_status":"open","ping_status":"open","sticky":false,"template":"","format":"standard","meta":{"footnotes":""},"categories":[2],"tags":[],"class_list":["post-39190","post","type-post","status-publish","format-standard","has-post-thumbnail","hentry","category-actual"],"_links":{"self":[{"href":"https:\/\/247stiri.ro\/index.php\/wp-json\/wp\/v2\/posts\/39190","targetHints":{"allow":["GET"]}}],"collection":[{"href":"https:\/\/247stiri.ro\/index.php\/wp-json\/wp\/v2\/posts"}],"about":[{"href":"https:\/\/247stiri.ro\/index.php\/wp-json\/wp\/v2\/types\/post"}],"replies":[{"embeddable":true,"href":"https:\/\/247stiri.ro\/index.php\/wp-json\/wp\/v2\/comments?post=39190"}],"version-history":[{"count":0,"href":"https:\/\/247stiri.ro\/index.php\/wp-json\/wp\/v2\/posts\/39190\/revisions"}],"wp:featuredmedia":[{"embeddable":true,"href":"https:\/\/247stiri.ro\/index.php\/wp-json\/wp\/v2\/media\/39191"}],"wp:attachment":[{"href":"https:\/\/247stiri.ro\/index.php\/wp-json\/wp\/v2\/media?parent=39190"}],"wp:term":[{"taxonomy":"category","embeddable":true,"href":"https:\/\/247stiri.ro\/index.php\/wp-json\/wp\/v2\/categories?post=39190"},{"taxonomy":"post_tag","embeddable":true,"href":"https:\/\/247stiri.ro\/index.php\/wp-json\/wp\/v2\/tags?post=39190"}],"curies":[{"name":"wp","href":"https:\/\/api.w.org\/{rel}","templated":true}]}}