{"id":39192,"date":"2025-03-13T14:45:38","date_gmt":"2025-03-13T14:45:38","guid":{"rendered":"https:\/\/247stiri.ro\/index.php\/2025\/03\/13\/elena-lasconi-si-a-depus-candidatura-la-alegerile-prezidentiale-din-mai\/"},"modified":"2025-03-13T14:45:38","modified_gmt":"2025-03-13T14:45:38","slug":"elena-lasconi-si-a-depus-candidatura-la-alegerile-prezidentiale-din-mai","status":"publish","type":"post","link":"https:\/\/247stiri.ro\/index.php\/2025\/03\/13\/elena-lasconi-si-a-depus-candidatura-la-alegerile-prezidentiale-din-mai\/","title":{"rendered":"Elena Lasconi \u0219i-a depus candidatura la alegerile preziden\u021biale din mai"},"content":{"rendered":"<p>Elena Lasconi \u0219i-a depus ast\u0103zi candidatura la sediul BEC, \u00een jurul orei 15.<\/p>\n<p>Lasconi \u0219i-a exprimat, recent, dorin\u021ba de a intra \u00een cursa pentru pre\u015fedin\u0163ia Rom\u00e2niei, de\u0219i ini\u0163ial, aceasta a propus o sus\u0163inere din partea tuturor partidelor pro-europene pentru o candidatur\u0103 a pre\u015fedintelui interimar Ilie Bolojan.\u00a0La momentul respectiv, \u0219efa USR se ar\u0103ta gata s\u0103 se retrag\u0103 din cursa electoral\u0103, \u00een cazul unei eventuale candidaturi a pre\u0219edintelui interimar, \u00eens\u0103 acesta a anun\u0163at c\u0103 nu va candida.<\/p>","protected":false},"excerpt":{"rendered":"<p>Elena Lasconi \u0219i-a depus ast\u0103zi candidatura la sediul BEC, \u00een jurul orei 15. Lasconi \u0219i-a&hellip;<\/p>\n","protected":false},"author":0,"featured_media":39177,"comment_status":"open","ping_status":"open","sticky":false,"template":"","format":"standard","meta":{"footnotes":""},"categories":[2],"tags":[],"class_list":["post-39192","post","type-post","status-publish","format-standard","has-post-thumbnail","hentry","category-actual"],"_links":{"self":[{"href":"https:\/\/247stiri.ro\/index.php\/wp-json\/wp\/v2\/posts\/39192","targetHints":{"allow":["GET"]}}],"collection":[{"href":"https:\/\/247stiri.ro\/index.php\/wp-json\/wp\/v2\/posts"}],"about":[{"href":"https:\/\/247stiri.ro\/index.php\/wp-json\/wp\/v2\/types\/post"}],"replies":[{"embeddable":true,"href":"https:\/\/247stiri.ro\/index.php\/wp-json\/wp\/v2\/comments?post=39192"}],"version-history":[{"count":0,"href":"https:\/\/247stiri.ro\/index.php\/wp-json\/wp\/v2\/posts\/39192\/revisions"}],"wp:featuredmedia":[{"embeddable":true,"href":"https:\/\/247stiri.ro\/index.php\/wp-json\/wp\/v2\/media\/39177"}],"wp:attachment":[{"href":"https:\/\/247stiri.ro\/index.php\/wp-json\/wp\/v2\/media?parent=39192"}],"wp:term":[{"taxonomy":"category","embeddable":true,"href":"https:\/\/247stiri.ro\/index.php\/wp-json\/wp\/v2\/categories?post=39192"},{"taxonomy":"post_tag","embeddable":true,"href":"https:\/\/247stiri.ro\/index.php\/wp-json\/wp\/v2\/tags?post=39192"}],"curies":[{"name":"wp","href":"https:\/\/api.w.org\/{rel}","templated":true}]}}