{"id":39193,"date":"2025-03-13T14:45:39","date_gmt":"2025-03-13T14:45:39","guid":{"rendered":"https:\/\/247stiri.ro\/index.php\/2025\/03\/13\/candidatura-suveranistului-vopsit-la-un-pas-sa-fie-invalidata-traian-basescu-victor-ponta-este-un-acoperit-al-sie\/"},"modified":"2025-03-13T14:45:39","modified_gmt":"2025-03-13T14:45:39","slug":"candidatura-suveranistului-vopsit-la-un-pas-sa-fie-invalidata-traian-basescu-victor-ponta-este-un-acoperit-al-sie","status":"publish","type":"post","link":"https:\/\/247stiri.ro\/index.php\/2025\/03\/13\/candidatura-suveranistului-vopsit-la-un-pas-sa-fie-invalidata-traian-basescu-victor-ponta-este-un-acoperit-al-sie\/","title":{"rendered":"Candidatura suveranistului vopsit, la un pas s\u0103 fie invalidat\u0103. Traian B\u0103sescu: \u201dVictor Ponta este un acoperit al SIE\u201d"},"content":{"rendered":"<p>Trecutul lui Victor Ponta l-ar putea scoate din cursa preziden\u021bial\u0103. Fostul premier \u00eencearc\u0103 pentru a doua oar\u0103 s\u0103 ajung\u0103 la conducerea \u021b\u0103rii, dup\u0103 ce \u00een 2014 a pierdut \u00een fa\u021ba lui Klaus Iohannis. La momentul respectiv, candidatura i-a fost contestat\u0103 la CCR, dup\u0103 ce Traian B\u0103sescu, \u015feful statului de atunci, a dezv\u0103luit c\u0103 Ponta fusese <a href=\"https:\/\/www.realitatea.net\/stiri\/actual\/anca-alexandrescu-demonteaza-toate-acuzatiile-ca-ar-fi-ofiter-sie-este-ordin-pe-unitate-sa-fiu-atacata_67d2c1c9057198470f23d442\" target=\"_blank\">ofi\u021ber SIE.<\/a><\/p>\n<p>\u201dVictor Ponta trebuie s\u0103 recunoasc\u0103 c\u0103 \u00een perioada 1997- 2001, a fost ofi\u021ber acoperit al SIE.(&#8230;) Ceea ce explic\u0103 propulsarea lui de la Judec\u0103toria de Sector, direct \u00een Parchetul General\u201d, a declarat Traian B\u0103sescu.\u00a0<\/p>\n<p>Teodor Mele\u0219canu, \u0219eful SIE de atunci, a recunoscut faptul c\u0103 B\u0103sescu s-a interesat, \u00een mai multe r\u00e2nduri, dac\u0103 anumite persoane sunt sau nu ofi\u0163eri sub acoperire, dar n-a primit vreun r\u0103spuns, pentru c\u0103 aceste informa\u021bii \u201enu pot fi divulgate\u201d. \u201dDac\u0103 le divulgi, ri\u015fti \u00eenchisoare\u201d, spunea Mele\u0219canu.<\/p>\n<p>CCR a respins contesta\u021bia pentru c\u0103 a fost depus\u0103 prea t\u00e2rziu, \u00eens\u0103 judec\u0103torul Daniel Morar a f\u0103cut opinie separat\u0103 \u015fi a sus\u0163inut c\u0103 era de datoria Cur\u0163ii s\u0103 fac\u0103 verific\u0103ri.\u00a0<\/p>\n<p>\u201dCurtea Constitu\u021bional\u0103 a Rom\u00e2niei trebuia s\u0103 \u00ee\u0219i stabileasc\u0103 competen\u021ba de a judeca aceast\u0103 contesta\u021bie ca fiind una care prive\u0219te verificarea condi\u021biilor de eligibilitate a unui candidat, \u0219i nu ca pe o contesta\u021bie privind \u00eenregistrarea sau ne\u00eenregistrarea unei candidaturi. A decide astfel, a\u0219a cum a f\u0103cut-o Curtea Constitu\u021bional\u0103, \u00een opinia majoritar\u0103, \u00eenseamn\u0103 c\u0103, chiar \u00een ipoteza \u00een care este pe deplin dovedit\u0103 ne\u00eentrunirea condi\u021biilor de eligibilitate (care trebuie raportate la ziua alegerilor) de c\u0103tre unul sau mai mul\u021bi candida\u021bi, ace\u0219tia nu pot fi exclu\u0219i din competi\u021bia electoral\u0103\u201d, a declarat fostul judec\u0103tor CCR, \u00een momentul respectiv.\u00a0<\/p>\n<p>Victor Ponta a negat de mai multe ori informa\u021biile dezv\u0103luite de c\u0103tre Traian B\u0103sescu.<\/p>\n<p>\u201dAm \u00een\u021beles c\u0103 asear\u0103, domnul pre\u0219edinte B\u0103sescu \u0219i-a continuat atacurile, nu doar la adresa mea, ci la adresa tuturor candida\u021bilor. Vreau s\u0103 spun un singur lucru, dup\u0103 10 ani \u00een care am tot v\u0103zut \u0219i miniciunii, \u0219i mizerii, \u0219i folosirea tuturor institu\u021biilor statului ale domnului B\u0103sescu \u00een interesele sale personale\u201d, a declarat Victor Ponta.\u00a0<\/p>\n<p>Din completul CCR care a admis candidatura lui Ponta \u00een 2014 au f\u0103cut parte Augustin Zegrean, Valer Dorneanu, Toni Grebl\u0103, Petre L\u0103z\u0103roiu, Mona Pivniceru, Puskas Zoltan \u0219i Simina Popescu.\u00a0<\/p>","protected":false},"excerpt":{"rendered":"<p>Trecutul lui Victor Ponta l-ar putea scoate din cursa preziden\u021bial\u0103. Fostul premier \u00eencearc\u0103 pentru a&hellip;<\/p>\n","protected":false},"author":0,"featured_media":39159,"comment_status":"open","ping_status":"open","sticky":false,"template":"","format":"standard","meta":{"footnotes":""},"categories":[2],"tags":[],"class_list":["post-39193","post","type-post","status-publish","format-standard","has-post-thumbnail","hentry","category-actual"],"_links":{"self":[{"href":"https:\/\/247stiri.ro\/index.php\/wp-json\/wp\/v2\/posts\/39193","targetHints":{"allow":["GET"]}}],"collection":[{"href":"https:\/\/247stiri.ro\/index.php\/wp-json\/wp\/v2\/posts"}],"about":[{"href":"https:\/\/247stiri.ro\/index.php\/wp-json\/wp\/v2\/types\/post"}],"replies":[{"embeddable":true,"href":"https:\/\/247stiri.ro\/index.php\/wp-json\/wp\/v2\/comments?post=39193"}],"version-history":[{"count":0,"href":"https:\/\/247stiri.ro\/index.php\/wp-json\/wp\/v2\/posts\/39193\/revisions"}],"wp:featuredmedia":[{"embeddable":true,"href":"https:\/\/247stiri.ro\/index.php\/wp-json\/wp\/v2\/media\/39159"}],"wp:attachment":[{"href":"https:\/\/247stiri.ro\/index.php\/wp-json\/wp\/v2\/media?parent=39193"}],"wp:term":[{"taxonomy":"category","embeddable":true,"href":"https:\/\/247stiri.ro\/index.php\/wp-json\/wp\/v2\/categories?post=39193"},{"taxonomy":"post_tag","embeddable":true,"href":"https:\/\/247stiri.ro\/index.php\/wp-json\/wp\/v2\/tags?post=39193"}],"curies":[{"name":"wp","href":"https:\/\/api.w.org\/{rel}","templated":true}]}}