{"id":39207,"date":"2025-03-13T15:46:23","date_gmt":"2025-03-13T15:46:23","guid":{"rendered":"https:\/\/247stiri.ro\/index.php\/2025\/03\/13\/imagini-emotionate-cu-george-simion-sotia-si-fiul-sau-video\/"},"modified":"2025-03-13T15:46:23","modified_gmt":"2025-03-13T15:46:23","slug":"imagini-emotionate-cu-george-simion-sotia-si-fiul-sau-video","status":"publish","type":"post","link":"https:\/\/247stiri.ro\/index.php\/2025\/03\/13\/imagini-emotionate-cu-george-simion-sotia-si-fiul-sau-video\/","title":{"rendered":"Imagini emo\u021bionate cu George Simion, so\u021bia \u0219i fiul s\u0103u &#8211; VIDEO"},"content":{"rendered":"<p>\u00cenainte de marea lupt\u0103, liderul suverani\u0219tilor \u00ee\u0219i \u00eencarc\u0103 bateriile al\u0103turi de familia sa.<\/p>\n<p><a title=\"@ilinca.simion\" href=\"https:\/\/www.tiktok.com\/@ilinca.simion?refer=embed\" target=\"_blank\">@ilinca.simion<\/a> Azi a fost despre NOI, FAMILIA SIMION! \u2764\ufe0f Cel mai mult ador s\u0103 fim to\u021bi 3! <a title=\"familie\" href=\"https:\/\/www.tiktok.com\/tag\/familie?refer=embed\" target=\"_blank\">#familie<\/a> <a title=\"georgesimion\" href=\"https:\/\/www.tiktok.com\/tag\/georgesimion?refer=embed\" target=\"_blank\">#georgesimion<\/a> <a title=\"ilincasimion\" href=\"https:\/\/www.tiktok.com\/tag\/ilincasimion?refer=embed\" target=\"_blank\">#ilincasimion<\/a> <a title=\"radu\" href=\"https:\/\/www.tiktok.com\/tag\/radu?refer=embed\" target=\"_blank\">#radu<\/a> <a title=\"familiamea\" href=\"https:\/\/www.tiktok.com\/tag\/familiamea?refer=embed\" target=\"_blank\">#familiamea<\/a> <a title=\"fyp\" href=\"https:\/\/www.tiktok.com\/tag\/fyp?refer=embed\" target=\"_blank\">#fyp<\/a> <a title=\"ozidinviatanoastra\" href=\"https:\/\/www.tiktok.com\/tag\/ozidinviatanoastra?refer=embed\" target=\"_blank\">#ozidinviatanoastra<\/a> <a title=\"familia\" href=\"https:\/\/www.tiktok.com\/tag\/familia?refer=embed\" target=\"_blank\">#familia<\/a> <a title=\"familiasimion\" href=\"https:\/\/www.tiktok.com\/tag\/familiasimion?refer=embed\" target=\"_blank\">#familiasimion<\/a> <a title=\"\u266c A Day in My Life - Raya\" href=\"https:\/\/www.tiktok.com\/music\/A-Day-in-My-Life-7381705338703054864?refer=embed\" target=\"_blank\">\u266c A Day in My Life &#8211; Raya<\/a><\/p>\n<p>\u00a0<\/p>","protected":false},"excerpt":{"rendered":"<p>\u00cenainte de marea lupt\u0103, liderul suverani\u0219tilor \u00ee\u0219i \u00eencarc\u0103 bateriile al\u0103turi de familia sa. @ilinca.simion Azi&hellip;<\/p>\n","protected":false},"author":0,"featured_media":39201,"comment_status":"open","ping_status":"open","sticky":false,"template":"","format":"standard","meta":{"footnotes":""},"categories":[2],"tags":[],"class_list":["post-39207","post","type-post","status-publish","format-standard","has-post-thumbnail","hentry","category-actual"],"_links":{"self":[{"href":"https:\/\/247stiri.ro\/index.php\/wp-json\/wp\/v2\/posts\/39207","targetHints":{"allow":["GET"]}}],"collection":[{"href":"https:\/\/247stiri.ro\/index.php\/wp-json\/wp\/v2\/posts"}],"about":[{"href":"https:\/\/247stiri.ro\/index.php\/wp-json\/wp\/v2\/types\/post"}],"replies":[{"embeddable":true,"href":"https:\/\/247stiri.ro\/index.php\/wp-json\/wp\/v2\/comments?post=39207"}],"version-history":[{"count":0,"href":"https:\/\/247stiri.ro\/index.php\/wp-json\/wp\/v2\/posts\/39207\/revisions"}],"wp:featuredmedia":[{"embeddable":true,"href":"https:\/\/247stiri.ro\/index.php\/wp-json\/wp\/v2\/media\/39201"}],"wp:attachment":[{"href":"https:\/\/247stiri.ro\/index.php\/wp-json\/wp\/v2\/media?parent=39207"}],"wp:term":[{"taxonomy":"category","embeddable":true,"href":"https:\/\/247stiri.ro\/index.php\/wp-json\/wp\/v2\/categories?post=39207"},{"taxonomy":"post_tag","embeddable":true,"href":"https:\/\/247stiri.ro\/index.php\/wp-json\/wp\/v2\/tags?post=39207"}],"curies":[{"name":"wp","href":"https:\/\/api.w.org\/{rel}","templated":true}]}}