{"id":39208,"date":"2025-03-13T15:46:23","date_gmt":"2025-03-13T15:46:23","guid":{"rendered":"https:\/\/247stiri.ro\/index.php\/2025\/03\/13\/accident-rutier-pe-dn1-doua-autotrenuri-si-o-masina-implicate-in-coliziune\/"},"modified":"2025-03-13T15:46:23","modified_gmt":"2025-03-13T15:46:23","slug":"accident-rutier-pe-dn1-doua-autotrenuri-si-o-masina-implicate-in-coliziune","status":"publish","type":"post","link":"https:\/\/247stiri.ro\/index.php\/2025\/03\/13\/accident-rutier-pe-dn1-doua-autotrenuri-si-o-masina-implicate-in-coliziune\/","title":{"rendered":"Accident rutier pe DN1. Dou\u0103 autotrenuri \u0219i o ma\u0219in\u0103 implicate \u00een coliziune"},"content":{"rendered":"<p>Cum s-a produs totul<\/p>\n<p><a href=\"https:\/\/www.realitatea.net\/stiri\/actual\/tragedie-pe-o-sosea-din-galati-un-copil-de-10-ani-a-fost-spulberat-pe-trecerea-de-pietoni_67d2ede7147c056ef0067404\" target=\"_blank\">Conform primelor investiga\u021bii<\/a> efectuate de Poli\u021bie, accidentul s-a produs \u00een momentul \u00een care un \u0219ofer de 52 de ani, din jude\u021bul Hunedoara, aflat la volanul unui tir care circula spre Bra\u0219ov, a \u00eencercat o manevr\u0103 neregulamentar\u0103 de dep\u0103\u0219ire. \u00cen acel moment, un autoturism condus de un t\u00e2n\u0103r de 21 de ani din jude\u021bul Alba, aflat deja \u00een dep\u0103\u0219irea tirului, a pierdut controlul direc\u021biei, a derapat \u0219i a acro\u0219at un alt autotren, condus de un b\u0103rbat de 30 de ani din jude\u021bul Neam\u021b. Impactul a dus la r\u0103sturnarea autoturismului pe carosabil.<\/p>\n<p>Poli\u021bia \u0219i echipajele medicale au intervenit rapid la locul accidentului. Pasagerul din autoturism, un t\u00e2n\u0103r de 20 de ani din jude\u021bul Alba, a fost preluat de ambulan\u021b\u0103 \u0219i transportat la spital pentru \u00eengrijiri medicale. Potrivit purt\u0103torului de cuv\u00e2nt al Inspectoratului de Poli\u021bie Jude\u021bean Sibiu, Elena Welter, cercet\u0103rile sunt \u00een desf\u0103\u0219urare pentru a stabili toate circumstan\u021bele producerii acestui incident.<\/p>\n<p><a href=\"https:\/\/www.realitatea.net\/stiri\/actual\/accident-tragic-pe-o-sosea-din-romania-un-barbat-sia-pierdut-viata-dupa-ce-a-intrat-cu-masina-intrun-stalp-electric_67d20292cb805a21cc1764d2\" target=\"_blank\">\u00cen urma accidentului,<\/a> traficul rutier a fost complet blocat pe DN1, cre\u00e2nd ambuteiaje semnificative \u00een zon\u0103. Autorit\u0103\u021bile lucreaz\u0103 pentru deblocarea drumului \u0219i reluarea circula\u021biei \u00een condi\u021bii de siguran\u021b\u0103.<\/p>\n<p>Ancheta continu\u0103 pentru stabilirea responsabilit\u0103\u021bii celor implica\u021bi \u00een accident.<\/p>\n<p>\u00a0<\/p>","protected":false},"excerpt":{"rendered":"<p>Cum s-a produs totul Conform primelor investiga\u021bii efectuate de Poli\u021bie, accidentul s-a produs \u00een momentul&hellip;<\/p>\n","protected":false},"author":0,"featured_media":39209,"comment_status":"open","ping_status":"open","sticky":false,"template":"","format":"standard","meta":{"footnotes":""},"categories":[2],"tags":[],"class_list":["post-39208","post","type-post","status-publish","format-standard","has-post-thumbnail","hentry","category-actual"],"_links":{"self":[{"href":"https:\/\/247stiri.ro\/index.php\/wp-json\/wp\/v2\/posts\/39208","targetHints":{"allow":["GET"]}}],"collection":[{"href":"https:\/\/247stiri.ro\/index.php\/wp-json\/wp\/v2\/posts"}],"about":[{"href":"https:\/\/247stiri.ro\/index.php\/wp-json\/wp\/v2\/types\/post"}],"replies":[{"embeddable":true,"href":"https:\/\/247stiri.ro\/index.php\/wp-json\/wp\/v2\/comments?post=39208"}],"version-history":[{"count":0,"href":"https:\/\/247stiri.ro\/index.php\/wp-json\/wp\/v2\/posts\/39208\/revisions"}],"wp:featuredmedia":[{"embeddable":true,"href":"https:\/\/247stiri.ro\/index.php\/wp-json\/wp\/v2\/media\/39209"}],"wp:attachment":[{"href":"https:\/\/247stiri.ro\/index.php\/wp-json\/wp\/v2\/media?parent=39208"}],"wp:term":[{"taxonomy":"category","embeddable":true,"href":"https:\/\/247stiri.ro\/index.php\/wp-json\/wp\/v2\/categories?post=39208"},{"taxonomy":"post_tag","embeddable":true,"href":"https:\/\/247stiri.ro\/index.php\/wp-json\/wp\/v2\/tags?post=39208"}],"curies":[{"name":"wp","href":"https:\/\/api.w.org\/{rel}","templated":true}]}}