{"id":39223,"date":"2025-03-13T16:45:07","date_gmt":"2025-03-13T16:45:07","guid":{"rendered":"https:\/\/247stiri.ro\/index.php\/2025\/03\/13\/sfarsit-cumplit-pentru-o-fetita-de-4-ani-a-fost-omorata-in-bataie-de-mama-sa\/"},"modified":"2025-03-13T16:45:07","modified_gmt":"2025-03-13T16:45:07","slug":"sfarsit-cumplit-pentru-o-fetita-de-4-ani-a-fost-omorata-in-bataie-de-mama-sa","status":"publish","type":"post","link":"https:\/\/247stiri.ro\/index.php\/2025\/03\/13\/sfarsit-cumplit-pentru-o-fetita-de-4-ani-a-fost-omorata-in-bataie-de-mama-sa\/","title":{"rendered":"Sf\u00e2r\u0219it CUMPLIT pentru o feti\u021b\u0103 de 4 ani. A fost omor\u00e2t\u0103 \u00een b\u0103taie de mama sa"},"content":{"rendered":"<p>Femeia, acuzat\u0103 de violen\u021b\u0103 \u00een familie sub forma omorului calificat, a fost arestat\u0103 preventiv, \u00eens\u0103 a contestat m\u0103sura, iar o decizie final\u0103 urmeaz\u0103 s\u0103 fie luat\u0103 de Curtea de Apel Ploie\u0219ti.<\/p>\n<p>Femeia \u0219i-a b\u0103tut copila p\u00e2n\u0103 la deces<\/p>\n<p>Potrivit surselor judiciare, mama copilului, cunoscut\u0103 cu un grad de retard, a recurs la acte de violen\u021b\u0103 extrem\u0103 asupra micu\u021bei, provoc\u00e2ndu-i r\u0103ni fatale. De\u0219i interven\u021bia autorit\u0103\u021bilor a fost rapid\u0103, feti\u021ba nu a mai putut fi salvat\u0103.<\/p>\n<p>Purt\u0103torul de cuv\u00e2nt al Direc\u021biei Generale de Asisten\u021b\u0103 Social\u0103 \u0219i Protec\u021bia Copilului (DGASPC) Prahova, Corina Nicola, a declarat c\u0103 femeia mai are o feti\u021b\u0103 \u00een v\u00e2rst\u0103 de opt luni. Aceasta a fost preluat\u0103 de urgen\u021b\u0103 de autorit\u0103\u021bi \u0219i plasat\u0103 \u00een sistemul de protec\u021bie social\u0103.<\/p>\n<p>Femeia, originar\u0103 din jude\u021bul Gala\u021bi, locuia \u00eempreun\u0103 cu cei doi copii \u00een comuna Dr\u0103g\u0103ne\u0219ti, jude\u021bul Prahova. P\u00e2n\u0103 la momentul tragediei, nu existaser\u0103 sesiz\u0103ri oficiale <a href=\"https:\/\/www.realitatea.net\/stiri\/actual\/caz-socant-in-satu-mare-un-copil-de-aproape-2-ani-ar-fi-fost-omorat-in-bataie-chiar-de-catre-parinti_625c5bd8dcc3415b732c38c3\" target=\"_blank\">privind situa\u021bia minorilor.<\/a><\/p>\n<p>\u201e\u00cen data de 11 martie, imediat dup\u0103 ce am primit sesizarea de la Inspectoratul de Poli\u021bie Jude\u021bean, ne-am deplasat \u00een regim de urgen\u021b\u0103 la fa\u021ba locului \u0219i am preluat feti\u021ba de opt luni \u00een sistemul de protec\u021bie. Av\u00e2nd \u00een vedere c\u0103 mama are domiciliul \u00een jude\u021bul Gala\u021bi, colabor\u0103m cu DGASPC Gala\u021bi pentru clarificarea situa\u021biei copilului\u201d, a precizat Corina Nicola.<\/p>\n<p>Autorit\u0103\u021bile continu\u0103 cercet\u0103rile pentru a stabili cu exactitate circumstan\u021bele \u00een care<a href=\"https:\/\/www.realitatea.net\/stiri\/actual\/femeia-din-cluj-care-sia-omorat-in-bataie-fiul-de-9-ani-condamnata-la-peste-23-de-ani-de-inchisoare_5f6b019a658b0d3ef36271f6\" target=\"_blank\"> s-a produs aceast\u0103 tragedie<\/a> \u0219i pentru a lua m\u0103surile legale necesare \u00een acest caz dramatic.<\/p>","protected":false},"excerpt":{"rendered":"<p>Femeia, acuzat\u0103 de violen\u021b\u0103 \u00een familie sub forma omorului calificat, a fost arestat\u0103 preventiv, \u00eens\u0103&hellip;<\/p>\n","protected":false},"author":0,"featured_media":39224,"comment_status":"open","ping_status":"open","sticky":false,"template":"","format":"standard","meta":{"footnotes":""},"categories":[2],"tags":[],"class_list":["post-39223","post","type-post","status-publish","format-standard","has-post-thumbnail","hentry","category-actual"],"_links":{"self":[{"href":"https:\/\/247stiri.ro\/index.php\/wp-json\/wp\/v2\/posts\/39223","targetHints":{"allow":["GET"]}}],"collection":[{"href":"https:\/\/247stiri.ro\/index.php\/wp-json\/wp\/v2\/posts"}],"about":[{"href":"https:\/\/247stiri.ro\/index.php\/wp-json\/wp\/v2\/types\/post"}],"replies":[{"embeddable":true,"href":"https:\/\/247stiri.ro\/index.php\/wp-json\/wp\/v2\/comments?post=39223"}],"version-history":[{"count":0,"href":"https:\/\/247stiri.ro\/index.php\/wp-json\/wp\/v2\/posts\/39223\/revisions"}],"wp:featuredmedia":[{"embeddable":true,"href":"https:\/\/247stiri.ro\/index.php\/wp-json\/wp\/v2\/media\/39224"}],"wp:attachment":[{"href":"https:\/\/247stiri.ro\/index.php\/wp-json\/wp\/v2\/media?parent=39223"}],"wp:term":[{"taxonomy":"category","embeddable":true,"href":"https:\/\/247stiri.ro\/index.php\/wp-json\/wp\/v2\/categories?post=39223"},{"taxonomy":"post_tag","embeddable":true,"href":"https:\/\/247stiri.ro\/index.php\/wp-json\/wp\/v2\/tags?post=39223"}],"curies":[{"name":"wp","href":"https:\/\/api.w.org\/{rel}","templated":true}]}}