{"id":39237,"date":"2025-03-13T17:45:20","date_gmt":"2025-03-13T17:45:20","guid":{"rendered":"https:\/\/247stiri.ro\/index.php\/2025\/03\/13\/misterul-sinuciderii-profesorului-universitar-de-la-iasi-colegii-sunt-in-stare-de-soc-nimeni-n-a-stiut\/"},"modified":"2025-03-13T17:45:20","modified_gmt":"2025-03-13T17:45:20","slug":"misterul-sinuciderii-profesorului-universitar-de-la-iasi-colegii-sunt-in-stare-de-soc-nimeni-n-a-stiut","status":"publish","type":"post","link":"https:\/\/247stiri.ro\/index.php\/2025\/03\/13\/misterul-sinuciderii-profesorului-universitar-de-la-iasi-colegii-sunt-in-stare-de-soc-nimeni-n-a-stiut\/","title":{"rendered":"Misterul sinuciderii profesorului universitar de la Ia\u0219i. Colegii sunt \u00een stare de \u0219oc, nimeni n-a \u0219tiut"},"content":{"rendered":"<p>Reporterii<a href=\"https:\/\/www.bzi.ro\/acesta-ar-fi-motivul-sinuciderii-profesorului-de-la-uaic-george-bondor-nu-a-schitat-vreun-gest-nici-macar-in-fata-colegilor-5202934\" target=\"_blank\"> BZI<\/a> au aflat c\u0103 profesorul nu suferea de vreo boal\u0103, \u00eens\u0103, din c\u00e2te se pare, \u00een ultima perioad\u0103 era \u00een depresie. Totu\u0219i, nu a schi\u021bat niciun gest \u00een fa\u021ba colegilor \u0219i doar cei din familie \u0219tiau de perioada proast\u0103 prin care<a href=\"https:\/\/www.realitatea.net\/stiri\/actual\/doliu-in-invatamantul-romanesc-a-murit-profesorul-george-bondor-profesor-la-facultatea-de-filosofie-din-iasi_67d16c107408d266b27eaca2\" target=\"_blank\"> George Bondor<\/a> trecea.<\/p>\n<p>Unele voci spun c\u0103, \u00een pandemie, ar fi suferit din cauza pierderii tat\u0103lui.<\/p>\n<p>\u00cen aceste condi\u021bii, motivul care l-a \u00eempins s\u0103 fac\u0103 gestul fatal r\u0103m\u00e2ne un mister. Cei care l-au cunoscut spun c\u0103 nu p\u0103rea s\u0103 aib\u0103 vreo problem\u0103 \u0219i nici nu era ab\u0103tut. Dac\u0103 era profesorul at\u00e2t de afectat de depresie sau a fost o alt\u0103 cauz\u0103 a sinuciderii, nimeni, probabil, nu va afla.<\/p>","protected":false},"excerpt":{"rendered":"<p>Reporterii BZI au aflat c\u0103 profesorul nu suferea de vreo boal\u0103, \u00eens\u0103, din c\u00e2te se&hellip;<\/p>\n","protected":false},"author":0,"featured_media":39238,"comment_status":"open","ping_status":"open","sticky":false,"template":"","format":"standard","meta":{"footnotes":""},"categories":[2],"tags":[],"class_list":["post-39237","post","type-post","status-publish","format-standard","has-post-thumbnail","hentry","category-actual"],"_links":{"self":[{"href":"https:\/\/247stiri.ro\/index.php\/wp-json\/wp\/v2\/posts\/39237","targetHints":{"allow":["GET"]}}],"collection":[{"href":"https:\/\/247stiri.ro\/index.php\/wp-json\/wp\/v2\/posts"}],"about":[{"href":"https:\/\/247stiri.ro\/index.php\/wp-json\/wp\/v2\/types\/post"}],"replies":[{"embeddable":true,"href":"https:\/\/247stiri.ro\/index.php\/wp-json\/wp\/v2\/comments?post=39237"}],"version-history":[{"count":0,"href":"https:\/\/247stiri.ro\/index.php\/wp-json\/wp\/v2\/posts\/39237\/revisions"}],"wp:featuredmedia":[{"embeddable":true,"href":"https:\/\/247stiri.ro\/index.php\/wp-json\/wp\/v2\/media\/39238"}],"wp:attachment":[{"href":"https:\/\/247stiri.ro\/index.php\/wp-json\/wp\/v2\/media?parent=39237"}],"wp:term":[{"taxonomy":"category","embeddable":true,"href":"https:\/\/247stiri.ro\/index.php\/wp-json\/wp\/v2\/categories?post=39237"},{"taxonomy":"post_tag","embeddable":true,"href":"https:\/\/247stiri.ro\/index.php\/wp-json\/wp\/v2\/tags?post=39237"}],"curies":[{"name":"wp","href":"https:\/\/api.w.org\/{rel}","templated":true}]}}