{"id":39251,"date":"2025-03-13T18:45:13","date_gmt":"2025-03-13T18:45:13","guid":{"rendered":"https:\/\/247stiri.ro\/index.php\/2025\/03\/13\/o-minora-de-15-ani-a-fost-accidentata-de-un-sofer-baut-care-a-fugit-de-la-locul-faptei-adolescenta-se-afla-pe-trotuar-in-momentul-impactului\/"},"modified":"2025-03-13T18:45:13","modified_gmt":"2025-03-13T18:45:13","slug":"o-minora-de-15-ani-a-fost-accidentata-de-un-sofer-baut-care-a-fugit-de-la-locul-faptei-adolescenta-se-afla-pe-trotuar-in-momentul-impactului","status":"publish","type":"post","link":"https:\/\/247stiri.ro\/index.php\/2025\/03\/13\/o-minora-de-15-ani-a-fost-accidentata-de-un-sofer-baut-care-a-fugit-de-la-locul-faptei-adolescenta-se-afla-pe-trotuar-in-momentul-impactului\/","title":{"rendered":"O minor\u0103, de 15 ani, a fost accidentat\u0103 de un \u0219ofer b\u0103ut care a fugit de la locul faptei. Adolescenta se afla pe trotuar \u00een momentul impactului"},"content":{"rendered":"<p>Cum s-a petrecut incidentul<\/p>\n<p><a href=\"https:\/\/www.realitatea.net\/stiri\/actual\/accident-tragic-pe-o-sosea-din-romania-un-barbat-sia-pierdut-viata-dupa-ce-a-intrat-cu-masina-intrun-stalp-electric_67d20292cb805a21cc1764d2\" target=\"_blank\">Conform informa\u021biilor furnizate<\/a> de Poli\u021bia Rutier\u0103 Sibiu, b\u0103rbatul a pierdut controlul ma\u0219inii, a p\u0103truns pe trotuar \u0219i a acro\u0219at adolescenta. \u00cen urma test\u0103rii cu aparatul etilotest, s-a constatat c\u0103 acesta avea o alcoolemie de 1,09 mg\/l alcool pur \u00een aerul expirat, motiv pentru care a fost condus la spital pentru recoltarea probelor biologice.<\/p>\n<p>Victima a suferit mai multe traumatisme \u0219i a fost transportat\u0103 de urgen\u021b\u0103 la spital.<\/p>\n<p>\u00a0\u201eUn echipaj SMURD a intervenit pe Aleea Geni\u0219tilor pentru a acorda \u00eengrijiri medicale unei minore de 15 ani, accidentat\u0103 de un autoturism. T\u00e2n\u0103ra a fost preluat\u0103 \u0219i transportat\u0103 la CPU Luther cu multiple traumatisme\u201d, a declarat sg.maj. Marcu Raluca, reprezentant al ISU Sibiu.<\/p>\n<p>Poli\u021bi\u0219tii continu\u0103 cercet\u0103rile pentru a stabili <a href=\"https:\/\/www.realitatea.net\/stiri\/actual\/accident-rutier-pe-dn1-doua-autotrenuri-si-o-masina-implicate-in-coliziune_67d2f5ad4a5fe63ad01de69d\" target=\"_blank\">circumstan\u021bele exacte ale accidentului<\/a> \u0219i pentru a lua m\u0103surile legale care se impun \u00eempotriva \u0219oferului vinovat.<\/p>","protected":false},"excerpt":{"rendered":"<p>Cum s-a petrecut incidentul Conform informa\u021biilor furnizate de Poli\u021bia Rutier\u0103 Sibiu, b\u0103rbatul a pierdut controlul&hellip;<\/p>\n","protected":false},"author":0,"featured_media":39252,"comment_status":"open","ping_status":"open","sticky":false,"template":"","format":"standard","meta":{"footnotes":""},"categories":[2],"tags":[],"class_list":["post-39251","post","type-post","status-publish","format-standard","has-post-thumbnail","hentry","category-actual"],"_links":{"self":[{"href":"https:\/\/247stiri.ro\/index.php\/wp-json\/wp\/v2\/posts\/39251","targetHints":{"allow":["GET"]}}],"collection":[{"href":"https:\/\/247stiri.ro\/index.php\/wp-json\/wp\/v2\/posts"}],"about":[{"href":"https:\/\/247stiri.ro\/index.php\/wp-json\/wp\/v2\/types\/post"}],"replies":[{"embeddable":true,"href":"https:\/\/247stiri.ro\/index.php\/wp-json\/wp\/v2\/comments?post=39251"}],"version-history":[{"count":0,"href":"https:\/\/247stiri.ro\/index.php\/wp-json\/wp\/v2\/posts\/39251\/revisions"}],"wp:featuredmedia":[{"embeddable":true,"href":"https:\/\/247stiri.ro\/index.php\/wp-json\/wp\/v2\/media\/39252"}],"wp:attachment":[{"href":"https:\/\/247stiri.ro\/index.php\/wp-json\/wp\/v2\/media?parent=39251"}],"wp:term":[{"taxonomy":"category","embeddable":true,"href":"https:\/\/247stiri.ro\/index.php\/wp-json\/wp\/v2\/categories?post=39251"},{"taxonomy":"post_tag","embeddable":true,"href":"https:\/\/247stiri.ro\/index.php\/wp-json\/wp\/v2\/tags?post=39251"}],"curies":[{"name":"wp","href":"https:\/\/api.w.org\/{rel}","templated":true}]}}