{"id":39254,"date":"2025-03-13T18:45:14","date_gmt":"2025-03-13T18:45:14","guid":{"rendered":"https:\/\/247stiri.ro\/index.php\/2025\/03\/13\/trump-prima-reactie-dupa-ce-putin-a-dat-semne-ca-nu-s-ar-opune-unui-armistitiu-in-ucraina-sa-speram-ca-va-face-ceea-ce-trebuie\/"},"modified":"2025-03-13T18:45:14","modified_gmt":"2025-03-13T18:45:14","slug":"trump-prima-reactie-dupa-ce-putin-a-dat-semne-ca-nu-s-ar-opune-unui-armistitiu-in-ucraina-sa-speram-ca-va-face-ceea-ce-trebuie","status":"publish","type":"post","link":"https:\/\/247stiri.ro\/index.php\/2025\/03\/13\/trump-prima-reactie-dupa-ce-putin-a-dat-semne-ca-nu-s-ar-opune-unui-armistitiu-in-ucraina-sa-speram-ca-va-face-ceea-ce-trebuie\/","title":{"rendered":"Trump, prima reac\u021bie dup\u0103 ce Putin a dat semne c\u0103 nu s-ar opune unui armisti\u021biu \u00een Ucraina: \u201eS\u0103 sper\u0103m c\u0103 va face ceea ce trebuie\u201d"},"content":{"rendered":"<p>Pre\u0219edintele republican a spus \u00een fa\u021ba reporterilor c\u0103 emisarul s\u0103u special, Steve Witkoff, este implicat \u00een discu\u021bii \u201eserioase\u201d \u00een Rusia, Witkoff fiind a\u0219teptat s\u0103 se \u00eent\u00e2lneasc\u0103 \u00een cur\u00e2nd cu Vladimir Putin, potrivit <a href=\"https:\/\/www.theguardian.com\/world\/live\/2025\/mar\/13\/ukraine-war-live-blog-updates-ceasefire-russia-trump-zelenskyy-putin-updates\" target=\"_blank\">The Guardian.<\/a><\/p>\n<p><a title='Decizie istorica. Rusia accepta armistitiul cu Ucraina. Cu toate acestea,  exista ,,nuante\", spune Putin' href=\"https:\/\/www.realitatea.net\/stiri\/actual\/decizie-istorica-rusia-accepta-armistitiul-cu-ucraina-cu-toate-acestea-exista-nuante-spune-putin_67d3081693efed74707f4202\">Decizie istoric\u0103. Rusia accept\u0103 armisti\u021biul cu Ucraina. Cu toate acestea, exist\u0103 \u201enuan\u021be\u201d, spune Putin<\/a><\/p>\n<p>\u201eS\u0103 sper\u0103m c\u0103 Rusia va face ceea ce trebuie\u201d, a declarat Trump, reiter\u00e2nd faptul c\u0103 ar dori s\u0103 vad\u0103 o \u00eencetare a focului din partea Moscovei.<\/p>\n<p>Liderul de la Casa Alb\u0103 a afirmat c\u0103 pre\u0219edintele rus a f\u0103cut \u201eo declara\u021bie promi\u021b\u0103toare\u201d, dar a insistat c\u0103 aceasta \u201enu a fost complet\u0103\u201d \u0219i a reiterat c\u0103 este dispus s\u0103 discute cu Putin pentru a asigura \u00eencheierea unui armisti\u021biu \u00een Ucraina.<\/p>\n<p>\u00a0<\/p>","protected":false},"excerpt":{"rendered":"<p>Pre\u0219edintele republican a spus \u00een fa\u021ba reporterilor c\u0103 emisarul s\u0103u special, Steve Witkoff, este implicat&hellip;<\/p>\n","protected":false},"author":0,"featured_media":39246,"comment_status":"open","ping_status":"open","sticky":false,"template":"","format":"standard","meta":{"footnotes":""},"categories":[2],"tags":[],"class_list":["post-39254","post","type-post","status-publish","format-standard","has-post-thumbnail","hentry","category-actual"],"_links":{"self":[{"href":"https:\/\/247stiri.ro\/index.php\/wp-json\/wp\/v2\/posts\/39254","targetHints":{"allow":["GET"]}}],"collection":[{"href":"https:\/\/247stiri.ro\/index.php\/wp-json\/wp\/v2\/posts"}],"about":[{"href":"https:\/\/247stiri.ro\/index.php\/wp-json\/wp\/v2\/types\/post"}],"replies":[{"embeddable":true,"href":"https:\/\/247stiri.ro\/index.php\/wp-json\/wp\/v2\/comments?post=39254"}],"version-history":[{"count":0,"href":"https:\/\/247stiri.ro\/index.php\/wp-json\/wp\/v2\/posts\/39254\/revisions"}],"wp:featuredmedia":[{"embeddable":true,"href":"https:\/\/247stiri.ro\/index.php\/wp-json\/wp\/v2\/media\/39246"}],"wp:attachment":[{"href":"https:\/\/247stiri.ro\/index.php\/wp-json\/wp\/v2\/media?parent=39254"}],"wp:term":[{"taxonomy":"category","embeddable":true,"href":"https:\/\/247stiri.ro\/index.php\/wp-json\/wp\/v2\/categories?post=39254"},{"taxonomy":"post_tag","embeddable":true,"href":"https:\/\/247stiri.ro\/index.php\/wp-json\/wp\/v2\/tags?post=39254"}],"curies":[{"name":"wp","href":"https:\/\/api.w.org\/{rel}","templated":true}]}}