{"id":39260,"date":"2025-03-13T19:46:24","date_gmt":"2025-03-13T19:46:24","guid":{"rendered":"https:\/\/247stiri.ro\/index.php\/2025\/03\/13\/eroare-catastrofala-un-sat-a-fost-bombardat-din-greseala-de-doi-piloti-neatenti\/"},"modified":"2025-03-13T19:46:24","modified_gmt":"2025-03-13T19:46:24","slug":"eroare-catastrofala-un-sat-a-fost-bombardat-din-greseala-de-doi-piloti-neatenti","status":"publish","type":"post","link":"https:\/\/247stiri.ro\/index.php\/2025\/03\/13\/eroare-catastrofala-un-sat-a-fost-bombardat-din-greseala-de-doi-piloti-neatenti\/","title":{"rendered":"Eroare catastrofal\u0103: un sat a fost bombardat din gre\u0219eal\u0103 de doi pilo\u021bi neaten\u021bi"},"content":{"rendered":"<p>Cei doi pilo\u021bi implica\u021bi au fost pu\u0219i sub acuzare pentru neglijen\u021b\u0103 \u00een serviciu, a anun\u021bat joi Ministerul sud-coreean al Ap\u0103r\u0103rii.<\/p>\n<p>Ce au descoperit autorit\u0103\u021bile<\/p>\n<p><a href=\"https:\/\/www.realitatea.net\/stiri\/actual\/alerta-cu-bomba-pe-aeroportul-din-strasbourg-mai-multi-europarlamentari-romani-se-afla-la-bordul-unui-avion-care-asteapta-sa-aterizeze_67cec4f7b3a9053aea004092\" target=\"_blank\">Ancheta oficial\u0103<\/a> a stabilit c\u0103 principala cauz\u0103 a accidentului a fost introducerea gre\u0219it\u0103 a coordonatelor \u021bintei. Conform raportului preliminar, pilo\u021bii au avut cel pu\u021bin trei ocazii de a detecta eroarea \u00eenainte de lansarea bombelor, dar nu au corectat datele. Odat\u0103 ce sistemul informatic a recalculat altitudinea necesar\u0103, pilo\u021bii au ajustat manual \u00een\u0103l\u021bimea de zbor conform planului de antrenament, ceea ce a \u00eempiedicat lovirea unui complex de locuin\u021be militare, evit\u00e2nd astfel un num\u0103r \u0219i mai mare de victime.<\/p>\n<p>For\u021bele aeriene sud-coreene au precizat c\u0103 astfel de ajust\u0103ri de altitudine sunt comune \u00een timpul antrenamentelor, dar ancheta continu\u0103 pentru a stabili dac\u0103 abaterea de 457 de metri efectuat\u0103 de pilo\u021bi a fost justificat\u0103.<\/p>\n<p>Bombardamentul a avut loc \u00een regiunea Pocheon, o zon\u0103 unde se afl\u0103 mai multe terenuri de antrenament folosite de armatele sud-coreean\u0103 \u0219i american\u0103. Locuitorii din zon\u0103 \u0219i-au exprimat de-a lungul anilor \u00eengrijor\u0103rile cu privire la siguran\u021ba lor, acuz\u00e2nd riscurile generate de aceste exerci\u021bii militare.<\/p>\n<p><a href=\"https:\/\/www.realitatea.net\/stiri\/actual\/descoperire-inedita-facuta-de-o-familie-din-romania-ce-au-putut-sa-gaseasca-in-curtea-casei_67d1c13c8116de58b72655c2\" target=\"_blank\">Incidentul a atras \u0219i aten\u021bia<\/a> Coreei de Nord, care a reac\u021bionat rapid, afirm\u00e2nd c\u0103 acest eveniment demonstreaz\u0103 pericolele pe care le reprezint\u0103 manevrele militare desf\u0103\u0219urate de Coreea de Sud \u0219i Statele Unite. Oficialii nord-coreeni au avertizat asupra riscului ca astfel de gre\u0219eli s\u0103 escaladeze \u00eentr-un conflict armat, mai ales dac\u0103 bombele ar fi c\u0103zut accidental pe teritoriul nord-coreean.<\/p>\n<p>Autorit\u0103\u021bile sud-coreene continu\u0103 investiga\u021biile pentru a stabili responsabilit\u0103\u021bile exacte \u0219i pentru a preveni repetarea unor astfel de incidente grave.<\/p>\n<p>\ud83d\udea8 \u26a1\ufe0f <a href=\"https:\/\/twitter.com\/hashtag\/Urgent?src=hash&amp;ref_src=twsrc%5Etfw\">#Urgent<\/a> | L&#8217;avion de chasse KF-16 de l&#8217;arm\u00e9e de l&#8217;air sud-cor\u00e9enne (ROKAF) a largu\u00e9 par erreur au moins 8 bombes Mk-82 de 500 livres lors d&#8217;un exercice conjoint avec l&#8217;arm\u00e9e de l&#8217;air am\u00e9ricaine.\ud83d\udd38Les bombes ont frapp\u00e9 Pocheon-si, dans la province de Gyeonggi, \u00e0 seulement\u2026 <a href=\"https:\/\/t.co\/P5SQa5MbLe\">pic.twitter.com\/P5SQa5MbLe<\/a><\/p>\n<p>\u2014 Bilow M\u00e9dia (@Bilow_Media) <a href=\"https:\/\/twitter.com\/Bilow_Media\/status\/1897716006727852274?ref_src=twsrc%5Etfw\">March 6, 2025<\/a><\/p>","protected":false},"excerpt":{"rendered":"<p>Cei doi pilo\u021bi implica\u021bi au fost pu\u0219i sub acuzare pentru neglijen\u021b\u0103 \u00een serviciu, a anun\u021bat&hellip;<\/p>\n","protected":false},"author":0,"featured_media":39261,"comment_status":"open","ping_status":"open","sticky":false,"template":"","format":"standard","meta":{"footnotes":""},"categories":[4],"tags":[],"class_list":["post-39260","post","type-post","status-publish","format-standard","has-post-thumbnail","hentry","category-extern"],"_links":{"self":[{"href":"https:\/\/247stiri.ro\/index.php\/wp-json\/wp\/v2\/posts\/39260","targetHints":{"allow":["GET"]}}],"collection":[{"href":"https:\/\/247stiri.ro\/index.php\/wp-json\/wp\/v2\/posts"}],"about":[{"href":"https:\/\/247stiri.ro\/index.php\/wp-json\/wp\/v2\/types\/post"}],"replies":[{"embeddable":true,"href":"https:\/\/247stiri.ro\/index.php\/wp-json\/wp\/v2\/comments?post=39260"}],"version-history":[{"count":0,"href":"https:\/\/247stiri.ro\/index.php\/wp-json\/wp\/v2\/posts\/39260\/revisions"}],"wp:featuredmedia":[{"embeddable":true,"href":"https:\/\/247stiri.ro\/index.php\/wp-json\/wp\/v2\/media\/39261"}],"wp:attachment":[{"href":"https:\/\/247stiri.ro\/index.php\/wp-json\/wp\/v2\/media?parent=39260"}],"wp:term":[{"taxonomy":"category","embeddable":true,"href":"https:\/\/247stiri.ro\/index.php\/wp-json\/wp\/v2\/categories?post=39260"},{"taxonomy":"post_tag","embeddable":true,"href":"https:\/\/247stiri.ro\/index.php\/wp-json\/wp\/v2\/tags?post=39260"}],"curies":[{"name":"wp","href":"https:\/\/api.w.org\/{rel}","templated":true}]}}