{"id":39267,"date":"2025-03-13T19:46:27","date_gmt":"2025-03-13T19:46:27","guid":{"rendered":"https:\/\/247stiri.ro\/index.php\/2025\/03\/13\/george-simion-il-ia-la-intrebari-pe-crin-antonescu-dupa-ce-candidatul-coalitiei-a-anuntat-ca-isi-lanseaza-podcast-dupa-ani-de-absenta-totala-in-sfarsit-v-ati-gasit-o-meserie\/"},"modified":"2025-03-13T19:46:27","modified_gmt":"2025-03-13T19:46:27","slug":"george-simion-il-ia-la-intrebari-pe-crin-antonescu-dupa-ce-candidatul-coalitiei-a-anuntat-ca-isi-lanseaza-podcast-dupa-ani-de-absenta-totala-in-sfarsit-v-ati-gasit-o-meserie","status":"publish","type":"post","link":"https:\/\/247stiri.ro\/index.php\/2025\/03\/13\/george-simion-il-ia-la-intrebari-pe-crin-antonescu-dupa-ce-candidatul-coalitiei-a-anuntat-ca-isi-lanseaza-podcast-dupa-ani-de-absenta-totala-in-sfarsit-v-ati-gasit-o-meserie\/","title":{"rendered":"George Simion \u00eel ia la \u00eentreb\u0103ri pe Crin Antonescu, dup\u0103 ce candidatul coali\u021biei a anun\u021bat c\u0103 \u00ee\u0219i lanseaz\u0103 podcast. \u201eDup\u0103 ani de absen\u021b\u0103 total\u0103, \u00een sf\u00e2r\u0219it v-a\u021bi g\u0103sit o meserie\u201d"},"content":{"rendered":"<p>Simion \u00ee\u0219i \u00eencepe mesajul cu o ironie subtil\u0103, felicit\u00e2ndu-l pe Antonescu pentru noua sa carier\u0103 de podcaster, dup\u0103 o perioad\u0103 \u00eendelungat\u0103 \u00een care a fost absent din via\u021ba politic\u0103. Simion avanseaz\u0103 o serie de \u00eentreb\u0103ri directe, care pun la \u00eencercare nu doar sinceritatea lui Antonescu, ci \u0219i viziunea sa politic\u0103.<\/p>\n<p>\u201eDomnule Crin Antonescu,\u00a0<\/p>\n<p>\u00cen primul r\u00e2nd, felicit\u0103ri! Dup\u0103 ani de absen\u021b\u0103 total\u0103 din via\u021ba public\u0103, \u00een sf\u00e2r\u0219it v-a\u021bi g\u0103sit o meserie \u2013 podcaster! Speram c\u0103 aceast\u0103 carier\u0103 va fi una de succes, mai ales c\u0103 pare s\u0103 fie singura activitate \u00een care nu sunte\u021bi obligat s\u0103 tr\u0103da\u021bi pe nimeni \u2026 \u00eenc\u0103.\u00a0\u00a0<\/p>\n<p>Av\u00e2nd \u00een vedere c\u0103 ne-am n\u0103scut \u00een aceea\u0219i zi, am o rug\u0103minte, domnule Antonescu: fi\u021bi sincer! Veni\u021bi \u00een fa\u021ba rom\u00e2nilor \u0219i vorbi\u021bi deschis, pentru c\u0103, \u00eentre noi fie vorba, nu a\u021bi dat dovad\u0103 de onestitate \u0219i corectitudine atunci c\u00e2nd partidele care v\u0103 sus\u021bin ast\u0103zi au votat \u00een cadrul Biroului Electoral Central pentru eliminarea unui candidat legitim, C\u0103lin Georgescu!<\/p>\n<p>A\u021bi t\u0103cut complice, f\u0103r\u0103 s\u0103 spune\u021bi nimic! A\u021bi stat pe margine \u0219i a\u021bi a\u0219teptat s\u0103 vede\u021bi dac\u0103 v\u0103 avantajeaz\u0103 jocul. Aceasta este noua \u201dpolitic\u0103\u201d a lui Crin Antonescu? A\u0219teptare, t\u0103cere \u0219i obedien\u021b\u0103?<\/p>\n<p>Dar acum, c\u0103 ave\u021bi propriul podcast \u0219i pretinde\u021bi c\u0103 vre\u021bi s\u0103 fi\u021bi sincer, v\u0103 lansez cinci \u00eentreb\u0103ri la care a\u0219tept\u0103m cu to\u021bii r\u0103spuns \u00een primele episoade.<\/p>\n<p><a href=\"https:\/\/www.realitatea.net\/stiri\/politica\/george-simion-cozile-noastre-vor-invinge-cozile-de-topor-liderul-suveranistilor-impresionat-de-mobilizarea-uriasa-a-romanilor-pentru-strangerea-de-semnaturi_67d290237549c84bb87a6962\" target=\"_blank\">George Simion: &#8222;Cozile noastre vor \u00eenvinge cozile de topor&#8221;. Liderul suverani\u0219tilor, impresionat de mobilizarea uria\u0219\u0103 a rom\u00e2nilor pentru str\u00e2ngerea de semn\u0103turi<\/a><\/p>\n<p>F\u0103r\u0103 ezit\u0103ri, f\u0103r\u0103 ocoli\u0219uri!<\/p>\n<p>1. Era\u021bi la curent cu votul pe care partidele care v\u0103 sus\u021bin l-au dat \u00een BEC \u00eempotriva lui C\u0103lin Georgescu? \u0218tia\u021bi c\u0103 se preg\u0103te\u0219te eliminarea sa din curs\u0103, iar daca da, de ce a\u021bi t\u0103cut?\u00a0<\/p>\n<p>2. Cum v\u0103 mai pute\u021bi prezenta ca un ap\u0103r\u0103tor al democra\u021biei, c\u00e2nd t\u0103ce\u021bi \u00een fa\u021ba celei mai grave fraude electorale din ultimii 30 de ani? A\u021bi fost \u00eentotdeauna un politician al discursurilor grandioase despre democra\u021bie, dar c\u00e2nd aceasta este violat\u0103 \u00een fata \u00eentregii \u021b\u0103ri, a\u021bi devenit brusc mut.\u00a0<\/p>\n<p>3. Chiar dac\u0103 nu ocup\u0103m func\u021bii precum cea de pre\u0219edinte sau premier, avem o datorie s\u0103 lupt\u0103m ne\u00eencetat pentru Rom\u00e2nia noastr\u0103. Ce garan\u021bii au rom\u00e2nii c\u0103 nu ve\u021bi disp\u0103rea din nou din via\u021ba public\u0103, a\u0219a cum a\u021bi f\u0103cut-o \u00een 2014? Oamenii \u00eenc\u0103 \u00ee\u0219i amintesc cum, dup\u0103 ce a\u021bi pierdut puterea, a\u021bi preferat s\u0103 v\u0103 retrage\u021bi \u00een lini\u0219te la Bruxelles, \u00een loc s\u0103 v\u0103 asuma\u021bi e\u0219ecurile.\u00a0<\/p>\n<p>4. Care este pozi\u021bia dumneavoastr\u0103 real\u0103 fa\u021b\u0103 de federalizarea Uniunii Europene, armata european\u0103 \u0219i politicile impuse de Ursula von der Leyen? Sunte\u021bi de partea rom\u00e2nilor care vor o Europ\u0103 a na\u021biunilor sau sunte\u021bi un alt pion al birocra\u021biei de la Bruxelles?\u00a0<\/p>\n<p>5. Dac\u0103 sunte\u021bi at\u00e2t de dornic s\u0103 vorbi\u021bi sincer \u00een podcast, sunte\u021bi dispus s\u0103 ne punem la masa, cu to\u021bii, toate forma\u021biunile politice, to\u021bi reprezentan\u021bii ale\u0219i ai poporului rom\u00e2n, s\u0103 g\u0103sim o solu\u021bie din a ie\u0219i din actuala criz\u0103, actualul impas? Sau \u0219i dumneavoastr\u0103 vede\u021bi lucrurile prin prisma unei false opozi\u021bii, \u00eentre \u201epro-europeni\u201d \u0219i \u201eizola\u021bioni\u0219ti\u201d?<\/p>\n<p>Domnule Antonescu, ave\u021bi acum ocazia s\u0103 fi\u021bi sincer! Ave\u021bi propriul spa\u021biu de emisie, propria platform\u0103. Dac\u0103 ave\u021bi curajul, dac\u0103 ave\u021bi onoarea, r\u0103spunde\u021bi la aceste \u00eentreb\u0103ri. Nu ne mai spune\u021bi ce ave\u021bi \u201e\u00een cap\u201d spune\u021bi-ne ce ave\u021bi \u00een con\u0219tiin\u021b\u0103.<\/p>\n<p>Rom\u00e2nii a\u0219teapt\u0103 r\u0103spunsuri! Dar, mai ales, a\u0219teapt\u0103 lideri care s\u0103 nu \u00eei mai mint\u0103!\u201d, a scris George Simion pe <a href=\"https:\/\/georgesimion.ro\/5-intrebari-pentru-domnul-crin-antonescu-cel-mai-nou-podcaster\/\" target=\"_blank\">blogul<\/a> s\u0103u personal.<\/p>\n<p><a title=\"Imagini emotionate cu George Simion, sotia si fiul sau - VIDEO\" href=\"https:\/\/www.realitatea.net\/stiri\/actual\/imagini-emotionate-cu-george-simion-sotia-si-fiul-sau-video_67d2f77ef0cff233956a5962\">Imagini emo\u021bionate cu George Simion, so\u021bia \u0219i fiul s\u0103u &#8211; VIDEO<\/a><\/p>\n<p>\u00a0<\/p>","protected":false},"excerpt":{"rendered":"<p>Simion \u00ee\u0219i \u00eencepe mesajul cu o ironie subtil\u0103, felicit\u00e2ndu-l pe Antonescu pentru noua sa carier\u0103&hellip;<\/p>\n","protected":false},"author":0,"featured_media":39263,"comment_status":"open","ping_status":"open","sticky":false,"template":"","format":"standard","meta":{"footnotes":""},"categories":[2],"tags":[],"class_list":["post-39267","post","type-post","status-publish","format-standard","has-post-thumbnail","hentry","category-actual"],"_links":{"self":[{"href":"https:\/\/247stiri.ro\/index.php\/wp-json\/wp\/v2\/posts\/39267","targetHints":{"allow":["GET"]}}],"collection":[{"href":"https:\/\/247stiri.ro\/index.php\/wp-json\/wp\/v2\/posts"}],"about":[{"href":"https:\/\/247stiri.ro\/index.php\/wp-json\/wp\/v2\/types\/post"}],"replies":[{"embeddable":true,"href":"https:\/\/247stiri.ro\/index.php\/wp-json\/wp\/v2\/comments?post=39267"}],"version-history":[{"count":0,"href":"https:\/\/247stiri.ro\/index.php\/wp-json\/wp\/v2\/posts\/39267\/revisions"}],"wp:featuredmedia":[{"embeddable":true,"href":"https:\/\/247stiri.ro\/index.php\/wp-json\/wp\/v2\/media\/39263"}],"wp:attachment":[{"href":"https:\/\/247stiri.ro\/index.php\/wp-json\/wp\/v2\/media?parent=39267"}],"wp:term":[{"taxonomy":"category","embeddable":true,"href":"https:\/\/247stiri.ro\/index.php\/wp-json\/wp\/v2\/categories?post=39267"},{"taxonomy":"post_tag","embeddable":true,"href":"https:\/\/247stiri.ro\/index.php\/wp-json\/wp\/v2\/tags?post=39267"}],"curies":[{"name":"wp","href":"https:\/\/api.w.org\/{rel}","templated":true}]}}