{"id":39270,"date":"2025-03-13T20:45:15","date_gmt":"2025-03-13T20:45:15","guid":{"rendered":"https:\/\/247stiri.ro\/index.php\/2025\/03\/13\/obiceiurile-rurale-de-la-bloc-care-starnesc-nemultumiri-vecinii-cred-ca-sunt-pe-proprietatea-lor\/"},"modified":"2025-03-13T20:45:15","modified_gmt":"2025-03-13T20:45:15","slug":"obiceiurile-rurale-de-la-bloc-care-starnesc-nemultumiri-vecinii-cred-ca-sunt-pe-proprietatea-lor","status":"publish","type":"post","link":"https:\/\/247stiri.ro\/index.php\/2025\/03\/13\/obiceiurile-rurale-de-la-bloc-care-starnesc-nemultumiri-vecinii-cred-ca-sunt-pe-proprietatea-lor\/","title":{"rendered":"Obiceiurile rurale de la bloc care st\u00e2rnesc nemul\u021bumiri: \u201eVecinii cred c\u0103 sunt pe proprietatea lor\u201d"},"content":{"rendered":"<p>\u00cen multe ora\u0219e, aceste obiceiuri mo\u0219tenite din mediul rural sunt dificil de controlat de c\u0103tre autorit\u0103\u021bi, care \u00eent\u00e2mpin\u0103 rezisten\u021b\u0103 din partea locatarilor atunci c\u00e2nd \u00eencearc\u0103 s\u0103 demoleze construc\u021biile ilegale, arat\u0103 <a href=\"https:\/\/adevarul.ro\/stiri-interne\/societate\/obiceiurile-rurale-de-la-bloc-ii-scot-din-sarite-2428156.html\" target=\"_blank\">adev\u0103rul.ro.<\/a><\/p>\n<p>Mo\u0219tenirea rural\u0103 a ora\u0219elor muncitore\u0219ti<\/p>\n<p>Ora\u0219e precum Hunedoara, dezvoltate rapid \u00een perioada comunist\u0103 odat\u0103 cu industrializarea, au atras un num\u0103r mare de locuitori veni\u021bi din mediul rural. Acest fenomen a dus la p\u0103strarea unor obiceiuri tradi\u021bionale chiar \u0219i \u00een noile cartiere de blocuri muncitore\u0219ti. \u00cen anii \u201950 \u0219i \u201960, oamenii muta\u021bi de la sate \u0219i-au creat \u00een jurul blocurilor mici gr\u0103dini, pe care le-au \u00eemprejmuit treptat cu garduri, \u00een \u00eencercarea de a recrea mediul \u00een care tr\u0103iser\u0103 anterior.<\/p>\n<p><a href=\"https:\/\/www.realitatea.net\/stiri\/actual\/sute-de-blocuri-din-capitala-raman-fara-apa-calda-si-caldura-ce-zone-sunt-afectate_67c0971c0df4df52520f2b03\" target=\"_blank\">Terenurile din fa\u021ba blocurilor<\/a>, g\u00e2ndite ini\u021bial ca spa\u021bii comune, au fost treptat transformate \u00een cur\u021bi personale, iar dup\u0103 1990, odat\u0103 cu cre\u0219terea num\u0103rului de ma\u0219ini, multe dintre aceste spa\u021bii verzi au fost convertite \u00een parc\u0103ri improvizate sau garaje.<\/p>\n<p>Demolarea construc\u021biilor ilegale, un subiect controversat<\/p>\n<p>\u00cen ultimii ani, prim\u0103riile din diverse ora\u0219e au \u00eenceput s\u0103 ia m\u0103suri pentru desfiin\u021barea gardurilor \u0219i demolarea anexelor ridicate ilegal. Cu toate acestea, aceste ac\u021biuni au st\u00e2rnit nemul\u021bumiri \u00een r\u00e2ndul locatarilor, unii dintre ei sus\u021bin\u00e2nd c\u0103 au investit timp \u0219i bani \u00een amenajarea acestor spa\u021bii.<\/p>\n<p>\u201e\u00cen\u021belegem dorin\u021ba oamenilor de a avea un spa\u021biu verde \u00eengrijit, dar este ilegal s\u0103 fie \u00eemprejmuit cu garduri sau ocupat cu mobilier \u0219i anexe. Vom continua s\u0103 desfiin\u021b\u0103m aceste gr\u0103dini, mai ales pe cele care genereaz\u0103 mizerie \u0219i disconfort\u201d, a transmis Prim\u0103ria Hunedoara.<\/p>\n<p>Locatarii care \u00ee\u0219i doresc s\u0103 \u00eengrijeasc\u0103 spa\u021biile verzi au fost sf\u0103tui\u021bi s\u0103 renun\u021be la \u00eemprejmuiri \u0219i s\u0103 solicite aprob\u0103ri de la municipalitate pentru eventuale plant\u0103ri de arbori sau amenaj\u0103ri.<\/p>\n<p>Parc\u0103ri ilegale pe spa\u021biul verde<\/p>\n<p>Pe l\u00e2ng\u0103 gr\u0103dinile improvizate, transformarea spa\u021biilor verzi \u00een parc\u0103ri personale reprezint\u0103 o alt\u0103 surs\u0103 de nemul\u021bumire \u00een r\u00e2ndul locuitorilor de la bloc. \u00cen multe cazuri, oamenii au adus balast, nisip sau chiar au turnat asfalt peste iarb\u0103 pentru a-\u0219i crea locuri de parcare improvizate.<\/p>\n<p>Un locatar a relatat pe o platform\u0103 online cum un vecin \u0219i-a amenajat singur un loc de parcare \u00een gr\u0103dina blocului \u0219i a \u00eenceput s\u0103 le cear\u0103 celorlal\u021bi s\u0103 \u00ee\u0219i mute ma\u0219inile din apropiere. \u201eA adus balast, l-a nivelat zilnic \u0219i acum \u021bip\u0103 la mine s\u0103 \u00eemi schimb locul de parcare, de\u0219i eu am unul pl\u0103tit la prim\u0103rie.\u201d<\/p>\n<p>\u00cen alte cazuri, autorit\u0103\u021bile locale au intervenit \u0219i au regularizat parc\u0103rile improvizate, dar nu \u00eenainte de a amenda persoanele care au distrus spa\u021biul verde. \u201eVecinii mei \u0219i-au f\u0103cut singuri opt locuri de parcare pe spa\u021biul verde. Unul dintre locatari a depus o pl\u00e2ngere, a venit prim\u0103ria, le-a mul\u021bumit pentru efort, a marcat locurile \u0219i le-a \u00eenchiriat celor de pe lista oficial\u0103 de a\u0219teptare. Cei care \u00ee\u0219i f\u0103cuser\u0103 parc\u0103rile ilegale nu erau pe list\u0103 pentru c\u0103 nu depuseser\u0103 cereri\u201d, a povestit un alt rom\u00e2n.<\/p>\n<p>Unii dintre locatarii mai vechi ai blocurilor construite \u00een perioada comunist\u0103 consider\u0103 c\u0103 anumite spa\u021bii din jurul blocului le apar\u021bin de drept. \u201eUnii dintre v\u00e2rstnicii care locuiesc aici de zeci de ani au preten\u021bia c\u0103 sunt pe mo\u0219ia lor. \u0218i-au adjudecat gr\u0103dina, locul de parcare nemarcat pe strad\u0103, boxele din fostele sp\u0103l\u0103torii \u0219i alte spa\u021bii comune, de\u0219i nu au niciun document care s\u0103 le ateste dreptul de proprietate\u201d, a povestit un t\u00e2n\u0103r.<\/p>\n<p>Pe de alt\u0103 parte, unii dintre cei care \u0219i-au \u00eemprejmuit gr\u0103dinile sus\u021bin c\u0103 au f\u0103cut acest lucru din necesitate. \u201eAm pus gard ca s\u0103 nu mai parcheze al\u021bii sub geamul nostru \u0219i s\u0103 nu mai treac\u0103 lumea pe aici, f\u0103c\u00e2nd g\u0103l\u0103gie. Am plantat flori, pomi, e \u00eengrijit \u0219i frumos. Ne ocup\u0103m de aceast\u0103 zon\u0103 de zeci de ani\u201d, a explicat un locatar \u00een v\u00e2rst\u0103.<\/p>\n<p><a href=\"https:\/\/www.realitatea.net\/stiri\/actual\/peste-700-de-blocuri-din-bucuresti-raman-fara-apa-calda-si-caldura_67c5732c4620e2275b5cb1a2\" target=\"_blank\">De\u0219i autorit\u0103\u021bile \u00eencearc\u0103<\/a> s\u0103 restabileasc\u0103 ordinea \u00een cartierele de blocuri, conflictul dintre cei care doresc un ora\u0219 organizat \u0219i cei care \u00ee\u0219i revendic\u0103 ilegal terenurile din jurul blocurilor continu\u0103 s\u0103 creeze tensiuni \u00een comunit\u0103\u021bi.<\/p>","protected":false},"excerpt":{"rendered":"<p>\u00cen multe ora\u0219e, aceste obiceiuri mo\u0219tenite din mediul rural sunt dificil de controlat de c\u0103tre&hellip;<\/p>\n","protected":false},"author":0,"featured_media":39271,"comment_status":"open","ping_status":"open","sticky":false,"template":"","format":"standard","meta":{"footnotes":""},"categories":[8],"tags":[],"class_list":["post-39270","post","type-post","status-publish","format-standard","has-post-thumbnail","hentry","category-lifestyle"],"_links":{"self":[{"href":"https:\/\/247stiri.ro\/index.php\/wp-json\/wp\/v2\/posts\/39270","targetHints":{"allow":["GET"]}}],"collection":[{"href":"https:\/\/247stiri.ro\/index.php\/wp-json\/wp\/v2\/posts"}],"about":[{"href":"https:\/\/247stiri.ro\/index.php\/wp-json\/wp\/v2\/types\/post"}],"replies":[{"embeddable":true,"href":"https:\/\/247stiri.ro\/index.php\/wp-json\/wp\/v2\/comments?post=39270"}],"version-history":[{"count":0,"href":"https:\/\/247stiri.ro\/index.php\/wp-json\/wp\/v2\/posts\/39270\/revisions"}],"wp:featuredmedia":[{"embeddable":true,"href":"https:\/\/247stiri.ro\/index.php\/wp-json\/wp\/v2\/media\/39271"}],"wp:attachment":[{"href":"https:\/\/247stiri.ro\/index.php\/wp-json\/wp\/v2\/media?parent=39270"}],"wp:term":[{"taxonomy":"category","embeddable":true,"href":"https:\/\/247stiri.ro\/index.php\/wp-json\/wp\/v2\/categories?post=39270"},{"taxonomy":"post_tag","embeddable":true,"href":"https:\/\/247stiri.ro\/index.php\/wp-json\/wp\/v2\/tags?post=39270"}],"curies":[{"name":"wp","href":"https:\/\/api.w.org\/{rel}","templated":true}]}}