{"id":39305,"date":"2025-03-13T22:44:50","date_gmt":"2025-03-13T22:44:50","guid":{"rendered":"https:\/\/247stiri.ro\/index.php\/2025\/03\/13\/groenlanda-suna-alarma-dupa-amenintarile-lui-trump-in-timpul-intalnirii-cu-mark-rutte-ajunge\/"},"modified":"2025-03-13T22:44:50","modified_gmt":"2025-03-13T22:44:50","slug":"groenlanda-suna-alarma-dupa-amenintarile-lui-trump-in-timpul-intalnirii-cu-mark-rutte-ajunge","status":"publish","type":"post","link":"https:\/\/247stiri.ro\/index.php\/2025\/03\/13\/groenlanda-suna-alarma-dupa-amenintarile-lui-trump-in-timpul-intalnirii-cu-mark-rutte-ajunge\/","title":{"rendered":"Groenlanda sun\u0103 alarma, dup\u0103 amenin\u021b\u0103rile lui Trump \u00een timpul \u00eent\u00e2lnirii cu Mark Rutte. \u201eAjunge!\u201d"},"content":{"rendered":"<p>&#8216;De data aceasta trebuie s\u0103 insist\u0103m c\u0103 \u00eel respingem pe Trump. Nu trebuie s\u0103 fim trata\u021bi \u00een continuare cu lips\u0103 de respect&#8217;, a afirmat pe Facebook premierul interimar al teritoriului autonom danez.Egede continu\u0103 s\u0103 guverneze Groenlanda p\u00e2n\u0103 la formarea unui nou guvern dup\u0103 \u00eenfr\u00e2ngerea sa la alegerile parlamentare de mar\u021bi \u00een fa\u021ba unui partid de centru-dreapta.&#8217;Pre\u0219edintele american a vorbit \u00eenc\u0103 o dat\u0103 despre ideea de a ne anexa. Absolut nu pot accepta acest lucru&#8217;, a scris el.<\/p>\n<p><a title='Trump, prima reactie dupa ce Putin a dat semne ca nu s-ar opune unui armistitiu in Ucraina: ,,Sa speram ca va face ceea ce trebuie\"' href=\"https:\/\/www.realitatea.net\/stiri\/actual\/trump-prima-reactie-dupa-ce-putin-a-dat-semne-ca-nu-sar-opune-unui-armistitiu-in-ucraina-sa-speram-ca-va-face-ceea-ce-trebuie_67d31e9774cf545ae7751ac3\">Trump, prima reac\u021bie dup\u0103 ce Putin a dat semne c\u0103 nu s-ar opune unui armisti\u021biu \u00een Ucraina: \u201eS\u0103 sper\u0103m c\u0103 va face ceea ce trebuie\u201d<\/a>&#8216;Respect rezultatul alegerilor, dar consider c\u0103 am o obliga\u021bie \u00een calitate de \u0219ef interimar al guvernului: de aceea am cerut administra\u021biei s\u0103 \u00eei convoace c\u00e2t mai cur\u00e2nd posibil pe liderii de partide&#8217;, a explicat el.\u00centrebat despre dorin\u021ba sa de a anexa vasta insul\u0103 arctic\u0103 la Statele Unite, Donald Trump a estimat joi, \u00een prezen\u021ba secretarului general al NATO, Mark Rutte, c\u0103 acest lucru &#8216;se va \u00eent\u00e2mpla&#8217; \u00een cele din urm\u0103.\u00cen cursul primului s\u0103u mandat (2017-2021), el a mai vehiculat ideea de a cump\u0103ra Groenlanda, care a fost \u00eent\u00e2mpinat\u0103 cu un refuz din partea autorit\u0103\u021bilor daneze \u0219i groenlandeze.Revenit la Casa Alb\u0103 \u00een ianuarie, el insist\u0103 de c\u00e2teva luni c\u0103 va prelua controlul &#8211; f\u0103r\u0103 a exclude folosirea for\u021bei &#8211; asupra unui teritoriu considerat important pentru securitatea american\u0103.Niciunul dintre partidele politice din Groenlanda nu sus\u021bine aceast\u0103 eventualitate, iar marea majoritate a popula\u021biei insulei \u00eei este ostil\u0103, potrivit unui sondaj publicat \u00een ianuariel, scrie Agerpres.<\/p>\n<p><a title='Donald Trump a sters pe jos cu Klaus Iohannis, in cadrul intalnirii cu seful NATO: ,,A mai fost o alta persoana care nu mi-a placut\"' href=\"https:\/\/www.realitatea.net\/stiri\/actual\/cum-a-sters-donald-trump-pe-jos-cu-klaus-iohannis-in-cadrul-intalnirii-cu-seful-nato-a-mai-fost-o-alta-persoana-care-nu-mia-placut_67d340351de0126ef17d4612\">Donald Trump a \u0219ters pe jos cu Klaus Iohannis, \u00een cadrul \u00eent\u00e2lnirii cu \u0219eful NATO: \u201eA mai fost o alt\u0103 persoan\u0103 care nu mi-a pl\u0103cut\u201d<\/a><\/p>","protected":false},"excerpt":{"rendered":"<p>&#8216;De data aceasta trebuie s\u0103 insist\u0103m c\u0103 \u00eel respingem pe Trump. Nu trebuie s\u0103 fim&hellip;<\/p>\n","protected":false},"author":0,"featured_media":39302,"comment_status":"open","ping_status":"open","sticky":false,"template":"","format":"standard","meta":{"footnotes":""},"categories":[2],"tags":[],"class_list":["post-39305","post","type-post","status-publish","format-standard","has-post-thumbnail","hentry","category-actual"],"_links":{"self":[{"href":"https:\/\/247stiri.ro\/index.php\/wp-json\/wp\/v2\/posts\/39305","targetHints":{"allow":["GET"]}}],"collection":[{"href":"https:\/\/247stiri.ro\/index.php\/wp-json\/wp\/v2\/posts"}],"about":[{"href":"https:\/\/247stiri.ro\/index.php\/wp-json\/wp\/v2\/types\/post"}],"replies":[{"embeddable":true,"href":"https:\/\/247stiri.ro\/index.php\/wp-json\/wp\/v2\/comments?post=39305"}],"version-history":[{"count":0,"href":"https:\/\/247stiri.ro\/index.php\/wp-json\/wp\/v2\/posts\/39305\/revisions"}],"wp:featuredmedia":[{"embeddable":true,"href":"https:\/\/247stiri.ro\/index.php\/wp-json\/wp\/v2\/media\/39302"}],"wp:attachment":[{"href":"https:\/\/247stiri.ro\/index.php\/wp-json\/wp\/v2\/media?parent=39305"}],"wp:term":[{"taxonomy":"category","embeddable":true,"href":"https:\/\/247stiri.ro\/index.php\/wp-json\/wp\/v2\/categories?post=39305"},{"taxonomy":"post_tag","embeddable":true,"href":"https:\/\/247stiri.ro\/index.php\/wp-json\/wp\/v2\/tags?post=39305"}],"curies":[{"name":"wp","href":"https:\/\/api.w.org\/{rel}","templated":true}]}}