{"id":39314,"date":"2025-03-14T05:44:55","date_gmt":"2025-03-14T05:44:55","guid":{"rendered":"https:\/\/247stiri.ro\/index.php\/2025\/03\/14\/ana-maria-pacuraru-analiza-momentului-la-realitatea-plus-dupa-intalnirea-trump-rutte\/"},"modified":"2025-03-14T05:44:55","modified_gmt":"2025-03-14T05:44:55","slug":"ana-maria-pacuraru-analiza-momentului-la-realitatea-plus-dupa-intalnirea-trump-rutte","status":"publish","type":"post","link":"https:\/\/247stiri.ro\/index.php\/2025\/03\/14\/ana-maria-pacuraru-analiza-momentului-la-realitatea-plus-dupa-intalnirea-trump-rutte\/","title":{"rendered":"Ana Maria P\u0103curaru, analiza momentului la Realitatea PLUS dup\u0103 \u00eent\u00e2lnirea Trump-Rutte"},"content":{"rendered":"<p>&#8222;Fostul premier olandez \u0219i secretar general al Alian\u021bei Transatlantice Mark Rutte a avut o \u00eent\u00e2lnire extrem de important\u0103 cu pre\u0219edintele Statelor Unite ale Americii Donald Trump la Washington D..C., iar Donald Trump a spus c\u0103 o mare central\u0103 electric\u0103 va fi implicat\u0103 \u00een discu\u021biile dintre Statele Unite \u0219i Rusia.<\/p>\n<p>\u00cent\u00e2lnirea a avut loc \u00een contextul \u00een care Trump cere \u021b\u0103rilor europene s\u0103 cheltuiasc\u0103 mai mult pentru propria lor securitate, inclusiv pentru costurile continue ale sprijinirii Ucrainei \u00een r\u0103zboiul \u00eempotriva Rusiei.<\/p>\n<p>Pre\u0219edintele Statelor Unite ale Amercii a ad\u0103ugat, de asemenea, c\u0103 trimisul sau special Steve Witkoff se afl\u0103 \u00een acest moment \u00een discu\u021bii serioase cu Rusia pentru a pune cap\u0103t r\u0103zboiului.<\/p>\n<p>&lt;&lt;Sper\u0103m c\u0103 vor face lucrul corect&gt;&gt;, a spus Donald Trump jurnali\u0219tilor \u00een cadrul unei \u00eent\u00e2lniri din Biroul Oval cu secretarul general al NATO Mark Rutte&#8221;, a declarat jurnalist\u0103 Ana Maria P\u0103curaru.\u00a0<\/p>","protected":false},"excerpt":{"rendered":"<p>&#8222;Fostul premier olandez \u0219i secretar general al Alian\u021bei Transatlantice Mark Rutte a avut o \u00eent\u00e2lnire&hellip;<\/p>\n","protected":false},"author":0,"featured_media":39313,"comment_status":"open","ping_status":"open","sticky":false,"template":"","format":"standard","meta":{"footnotes":""},"categories":[3],"tags":[],"class_list":["post-39314","post","type-post","status-publish","format-standard","has-post-thumbnail","hentry","category-politica"],"_links":{"self":[{"href":"https:\/\/247stiri.ro\/index.php\/wp-json\/wp\/v2\/posts\/39314","targetHints":{"allow":["GET"]}}],"collection":[{"href":"https:\/\/247stiri.ro\/index.php\/wp-json\/wp\/v2\/posts"}],"about":[{"href":"https:\/\/247stiri.ro\/index.php\/wp-json\/wp\/v2\/types\/post"}],"replies":[{"embeddable":true,"href":"https:\/\/247stiri.ro\/index.php\/wp-json\/wp\/v2\/comments?post=39314"}],"version-history":[{"count":0,"href":"https:\/\/247stiri.ro\/index.php\/wp-json\/wp\/v2\/posts\/39314\/revisions"}],"wp:featuredmedia":[{"embeddable":true,"href":"https:\/\/247stiri.ro\/index.php\/wp-json\/wp\/v2\/media\/39313"}],"wp:attachment":[{"href":"https:\/\/247stiri.ro\/index.php\/wp-json\/wp\/v2\/media?parent=39314"}],"wp:term":[{"taxonomy":"category","embeddable":true,"href":"https:\/\/247stiri.ro\/index.php\/wp-json\/wp\/v2\/categories?post=39314"},{"taxonomy":"post_tag","embeddable":true,"href":"https:\/\/247stiri.ro\/index.php\/wp-json\/wp\/v2\/tags?post=39314"}],"curies":[{"name":"wp","href":"https:\/\/api.w.org\/{rel}","templated":true}]}}