{"id":39315,"date":"2025-03-14T05:44:56","date_gmt":"2025-03-14T05:44:56","guid":{"rendered":"https:\/\/247stiri.ro\/index.php\/2025\/03\/14\/ore-cruciale-pentru-suveranisti-george-simion-isi-depune-astazi-candidatura-la-bec\/"},"modified":"2025-03-14T05:44:56","modified_gmt":"2025-03-14T05:44:56","slug":"ore-cruciale-pentru-suveranisti-george-simion-isi-depune-astazi-candidatura-la-bec","status":"publish","type":"post","link":"https:\/\/247stiri.ro\/index.php\/2025\/03\/14\/ore-cruciale-pentru-suveranisti-george-simion-isi-depune-astazi-candidatura-la-bec\/","title":{"rendered":"Ore cruciale pentru suverani\u0219ti: George Simion \u00ee\u0219i depune ast\u0103zi CANDIDATURA la BEC"},"content":{"rendered":"<p>George Simion mai are doar c\u00e2teva ore la dispozi\u021bie pentru a str\u00e2nge semn\u0103turile necesare. La ora 15.00, acesta trebuie s\u0103 vin\u0103 la Biroul Electoral Central pentru a-\u0219i depune candidatura la pre\u0219edin\u021bia Rom\u00e2niei.\u00a0<\/p>\n<p>Pe l\u00e2ng\u0103 toate aceste semn\u0103turi, George Simion mai trebuie s\u0103 aib\u0103 \u0219i alte documente, cum ar fi cartea de identitate \u0219i declara\u021bia de avere, precum \u0219i alte acte necesare acestui proces de \u00eenscriere \u00een campania electoral\u0103.\u00a0<\/p>\n<p>Dup\u0103 ce \u00ee\u0219i va depune acest dosar, toate acele acte vor trebui s\u0103 fie analizate de judec\u0103torii, dar \u0219i de exper\u021bii BEC pentru a-i valida candidatura.\u00a0<\/p>\n<p>Ca \u00een cazul oric\u0103rui alt candidat, \u0219i \u00een cazul lui George Simion sunt 24 de ore la dispozi\u021bie pentru a putea depune contesta\u021bii. Acestea vor fi anlizate de CCR \u00een termen de 48 de ore.\u00a0<\/p>\n<p>George Simion \u0219i Anamaria Gavril\u0103 au avut la dispozi\u021bie mai pu\u021bin de 3 zile pentru a str\u00e2nge semn\u0103turi necesare. Totul se \u00eent\u00e2mpl\u0103 \u00een contextul unei mobiliz\u0103ri maxime. Oamenii s-au mobilizat \u0219i au str\u00e2ns semn\u0103turile necesare at\u00e2t \u00een \u021bar\u0103, c\u00e2t \u0219i \u00een Diaspora.<\/p>\n<p>Cei doi candida\u021bi suverani\u0219ti au f\u0103cut anun\u021bul \u00een exclusivitate la Realitatea PLUS, televiziunea poporului, dup\u0103 ce au discutat cu C\u0103lin Georgescu.\u00a0<\/p>","protected":false},"excerpt":{"rendered":"<p>George Simion mai are doar c\u00e2teva ore la dispozi\u021bie pentru a str\u00e2nge semn\u0103turile necesare. La&hellip;<\/p>\n","protected":false},"author":0,"featured_media":39316,"comment_status":"open","ping_status":"open","sticky":false,"template":"","format":"standard","meta":{"footnotes":""},"categories":[3],"tags":[],"class_list":["post-39315","post","type-post","status-publish","format-standard","has-post-thumbnail","hentry","category-politica"],"_links":{"self":[{"href":"https:\/\/247stiri.ro\/index.php\/wp-json\/wp\/v2\/posts\/39315","targetHints":{"allow":["GET"]}}],"collection":[{"href":"https:\/\/247stiri.ro\/index.php\/wp-json\/wp\/v2\/posts"}],"about":[{"href":"https:\/\/247stiri.ro\/index.php\/wp-json\/wp\/v2\/types\/post"}],"replies":[{"embeddable":true,"href":"https:\/\/247stiri.ro\/index.php\/wp-json\/wp\/v2\/comments?post=39315"}],"version-history":[{"count":0,"href":"https:\/\/247stiri.ro\/index.php\/wp-json\/wp\/v2\/posts\/39315\/revisions"}],"wp:featuredmedia":[{"embeddable":true,"href":"https:\/\/247stiri.ro\/index.php\/wp-json\/wp\/v2\/media\/39316"}],"wp:attachment":[{"href":"https:\/\/247stiri.ro\/index.php\/wp-json\/wp\/v2\/media?parent=39315"}],"wp:term":[{"taxonomy":"category","embeddable":true,"href":"https:\/\/247stiri.ro\/index.php\/wp-json\/wp\/v2\/categories?post=39315"},{"taxonomy":"post_tag","embeddable":true,"href":"https:\/\/247stiri.ro\/index.php\/wp-json\/wp\/v2\/tags?post=39315"}],"curies":[{"name":"wp","href":"https:\/\/api.w.org\/{rel}","templated":true}]}}