{"id":39318,"date":"2025-03-14T05:44:57","date_gmt":"2025-03-14T05:44:57","guid":{"rendered":"https:\/\/247stiri.ro\/index.php\/2025\/03\/14\/mobilizare-uriasa-romanii-stau-la-coada-pentru-a-i-sustine-pe-george-simion-si-anamaria-gavrila\/"},"modified":"2025-03-14T05:44:57","modified_gmt":"2025-03-14T05:44:57","slug":"mobilizare-uriasa-romanii-stau-la-coada-pentru-a-i-sustine-pe-george-simion-si-anamaria-gavrila","status":"publish","type":"post","link":"https:\/\/247stiri.ro\/index.php\/2025\/03\/14\/mobilizare-uriasa-romanii-stau-la-coada-pentru-a-i-sustine-pe-george-simion-si-anamaria-gavrila\/","title":{"rendered":"Mobilizare uria\u0219\u0103: rom\u00e2nii stau la coad\u0103 pentru a-i sus\u021bine pe George Simion \u0219i Anamaria Gavril\u0103"},"content":{"rendered":"","protected":false},"excerpt":{"rendered":"","protected":false},"author":0,"featured_media":39319,"comment_status":"open","ping_status":"open","sticky":false,"template":"","format":"standard","meta":{"footnotes":""},"categories":[2],"tags":[],"class_list":["post-39318","post","type-post","status-publish","format-standard","has-post-thumbnail","hentry","category-actual"],"_links":{"self":[{"href":"https:\/\/247stiri.ro\/index.php\/wp-json\/wp\/v2\/posts\/39318","targetHints":{"allow":["GET"]}}],"collection":[{"href":"https:\/\/247stiri.ro\/index.php\/wp-json\/wp\/v2\/posts"}],"about":[{"href":"https:\/\/247stiri.ro\/index.php\/wp-json\/wp\/v2\/types\/post"}],"replies":[{"embeddable":true,"href":"https:\/\/247stiri.ro\/index.php\/wp-json\/wp\/v2\/comments?post=39318"}],"version-history":[{"count":0,"href":"https:\/\/247stiri.ro\/index.php\/wp-json\/wp\/v2\/posts\/39318\/revisions"}],"wp:featuredmedia":[{"embeddable":true,"href":"https:\/\/247stiri.ro\/index.php\/wp-json\/wp\/v2\/media\/39319"}],"wp:attachment":[{"href":"https:\/\/247stiri.ro\/index.php\/wp-json\/wp\/v2\/media?parent=39318"}],"wp:term":[{"taxonomy":"category","embeddable":true,"href":"https:\/\/247stiri.ro\/index.php\/wp-json\/wp\/v2\/categories?post=39318"},{"taxonomy":"post_tag","embeddable":true,"href":"https:\/\/247stiri.ro\/index.php\/wp-json\/wp\/v2\/tags?post=39318"}],"curies":[{"name":"wp","href":"https:\/\/api.w.org\/{rel}","templated":true}]}}