{"id":39338,"date":"2025-03-14T06:45:37","date_gmt":"2025-03-14T06:45:37","guid":{"rendered":"https:\/\/247stiri.ro\/index.php\/2025\/03\/14\/ponta-declaratii-halucinante-despre-candidatura-lui-calin-georgescu-daca-era-lasat-sa-candideze-se-desfiinta-statul-roman\/"},"modified":"2025-03-14T06:45:37","modified_gmt":"2025-03-14T06:45:37","slug":"ponta-declaratii-halucinante-despre-candidatura-lui-calin-georgescu-daca-era-lasat-sa-candideze-se-desfiinta-statul-roman","status":"publish","type":"post","link":"https:\/\/247stiri.ro\/index.php\/2025\/03\/14\/ponta-declaratii-halucinante-despre-candidatura-lui-calin-georgescu-daca-era-lasat-sa-candideze-se-desfiinta-statul-roman\/","title":{"rendered":"Ponta, declara\u021bii halucinante despre candidatura lui C\u0103lin Georgescu: Dac\u0103 era l\u0103sat s\u0103 candideze se desfiin\u021ba statul rom\u00e2n"},"content":{"rendered":"<p>&#8222;A luat-o lumea razna. N-a\u0219 fi crezut niciodat\u0103 c\u0103 \u00een Rom\u00e2nia o s\u0103 se anuleaz\u0103 alegeri. Dac\u0103 acum veneau \u0219i ziceau c\u0103 e bun C\u0103lin Georgescu, dup\u0103 ce \u00een urm\u0103 cu trei luni..,, atunci nu, se desfiin\u021ba statul rom\u00e2n. Atentie, se desfiin\u021ba statul roman! Pentru c\u0103 CSAT \u0219i CCR spuseser\u0103 un lucru&#8221;, afirma Ponta la un post radio.<\/p>\n<p>Cu toate acestea, \u00een urm\u0103 cu c\u00e2teva zile, Victor Ponta a declarat c\u0103 oricine vrea s\u0103 candideze la preziden\u021biale trebuie l\u0103sat, f\u0103c\u00e2nd aluzie la candidatura lui C\u0103lin Georgescu.<\/p>\n<p>CUM SE SUCE\u0218TE PONTA DE LA O ZI LA ALTA<\/p>\n<p>\u201d\u00cemi men\u021bin p\u0103rerea c\u0103 absolut to\u021bi cei care vor candideze ar trebui s\u0103 candideze, inclusiv domnul C\u0103lin Georgescu. Cred c\u0103 nemul\u021bumirea, nu doar a celor care \u00eel voteaz\u0103 pe domnul Georgescu, ci \u0219i a celor care nu \u00eel voteaz\u0103, cum sunt eu, fa\u021b\u0103 de un sistem care nu las\u0103 pe toat\u0103 lumea s\u0103 candideze e un lucru r\u0103u \u0219i Rom\u00e2nia e rupt\u0103 acum \u0219i e \u00eentr-un r\u0103zboi de care nu aveam nevoie, pentru c\u0103, dincolo de asta, criza economic\u0103, problemele bugetare \u0219i problemele interna\u021bionale sunt foarte grave\u201d<\/p>\n<p>Sursa: declara\u021bie Victor Ponta\u00a0<\/p>","protected":false},"excerpt":{"rendered":"<p>&#8222;A luat-o lumea razna. N-a\u0219 fi crezut niciodat\u0103 c\u0103 \u00een Rom\u00e2nia o s\u0103 se anuleaz\u0103&hellip;<\/p>\n","protected":false},"author":0,"featured_media":39339,"comment_status":"open","ping_status":"open","sticky":false,"template":"","format":"standard","meta":{"footnotes":""},"categories":[3],"tags":[],"class_list":["post-39338","post","type-post","status-publish","format-standard","has-post-thumbnail","hentry","category-politica"],"_links":{"self":[{"href":"https:\/\/247stiri.ro\/index.php\/wp-json\/wp\/v2\/posts\/39338","targetHints":{"allow":["GET"]}}],"collection":[{"href":"https:\/\/247stiri.ro\/index.php\/wp-json\/wp\/v2\/posts"}],"about":[{"href":"https:\/\/247stiri.ro\/index.php\/wp-json\/wp\/v2\/types\/post"}],"replies":[{"embeddable":true,"href":"https:\/\/247stiri.ro\/index.php\/wp-json\/wp\/v2\/comments?post=39338"}],"version-history":[{"count":0,"href":"https:\/\/247stiri.ro\/index.php\/wp-json\/wp\/v2\/posts\/39338\/revisions"}],"wp:featuredmedia":[{"embeddable":true,"href":"https:\/\/247stiri.ro\/index.php\/wp-json\/wp\/v2\/media\/39339"}],"wp:attachment":[{"href":"https:\/\/247stiri.ro\/index.php\/wp-json\/wp\/v2\/media?parent=39338"}],"wp:term":[{"taxonomy":"category","embeddable":true,"href":"https:\/\/247stiri.ro\/index.php\/wp-json\/wp\/v2\/categories?post=39338"},{"taxonomy":"post_tag","embeddable":true,"href":"https:\/\/247stiri.ro\/index.php\/wp-json\/wp\/v2\/tags?post=39338"}],"curies":[{"name":"wp","href":"https:\/\/api.w.org\/{rel}","templated":true}]}}