{"id":39342,"date":"2025-03-14T06:45:38","date_gmt":"2025-03-14T06:45:38","guid":{"rendered":"https:\/\/247stiri.ro\/index.php\/2025\/03\/14\/bolojan-le-cere-sorosistilor-sa-vina-la-guvernare-ar-fi-un-lucru-bun-sa-intarim-coalitia-cu-ajutorul-usr\/"},"modified":"2025-03-14T06:45:38","modified_gmt":"2025-03-14T06:45:38","slug":"bolojan-le-cere-sorosistilor-sa-vina-la-guvernare-ar-fi-un-lucru-bun-sa-intarim-coalitia-cu-ajutorul-usr","status":"publish","type":"post","link":"https:\/\/247stiri.ro\/index.php\/2025\/03\/14\/bolojan-le-cere-sorosistilor-sa-vina-la-guvernare-ar-fi-un-lucru-bun-sa-intarim-coalitia-cu-ajutorul-usr\/","title":{"rendered":"Bolojan le cere sorosi\u0219tilor s\u0103 vin\u0103 la guvernare: Ar fi un lucru bun s\u0103 \u00eent\u0103rim coali\u021bia cu ajutorul USR"},"content":{"rendered":"<p>&#8222;Eu cred c\u0103 aceast\u0103 majoritate ar trebui s\u0103 reziste, dar care este realitatea acestei majorit\u0103\u0163i? Ea este destul de str\u00e2ns\u0103. \u00cen\u0163eleg c\u0103 de c\u00e2teva ori au fost dou\u0103, trei situa\u0163ii \u00een care, datorit\u0103 faptului c\u0103 au lipsit c\u00e2\u0163iva parlamentari, efectiv nu s-au putut trece ni\u015fte legi. Este o majoritate la limit\u0103.<\/p>\n<p>La Senat avem un singur senator \u00een plus, deci oricine lipse\u015fte sau doi, po\u0163i s\u0103 ai un deces \u00een familie, po\u0163i s\u0103 ai o anumit\u0103 situa\u0163ie, delega\u021bie undeva.<\/p>\n<p>Cred c\u0103 o consolidare a coali\u0163iei, din punctul meu de vedere, ar fi un lucru bun dac\u0103 USR ar intra \u00een guvernare, din punctul meu de vedere, ar fi un lucru bun, c\u0103 \u00eent\u0103re\u015fte coali\u0163ia. Bine\u00een\u0163eles, dac\u0103 se g\u0103se\u015fte o solu\u0163ie negociat\u0103 \u015fi toate lucrurile sunt \u00een bun\u0103 regul\u0103, pentru c\u0103 e nevoie, mai departe, de a face restructur\u0103ri. Nu vom sc\u0103pa de aceste restructur\u0103ri, orice se spune pentru c\u0103 noi cheltuim mai mult \u015fi acum dec\u00e2t ne putem permite, dar e adev\u0103rat c\u0103 nu putem t\u0103ia de pe zi pe alta totul, pentru c\u0103 ar \u00eensemna s\u0103 intram \u00eentr-un colaps&#8221;, a declarat Ilie Bolojan.\u00a0<\/p>","protected":false},"excerpt":{"rendered":"<p>&#8222;Eu cred c\u0103 aceast\u0103 majoritate ar trebui s\u0103 reziste, dar care este realitatea acestei majorit\u0103\u0163i?&hellip;<\/p>\n","protected":false},"author":0,"featured_media":39343,"comment_status":"open","ping_status":"open","sticky":false,"template":"","format":"standard","meta":{"footnotes":""},"categories":[3],"tags":[],"class_list":["post-39342","post","type-post","status-publish","format-standard","has-post-thumbnail","hentry","category-politica"],"_links":{"self":[{"href":"https:\/\/247stiri.ro\/index.php\/wp-json\/wp\/v2\/posts\/39342","targetHints":{"allow":["GET"]}}],"collection":[{"href":"https:\/\/247stiri.ro\/index.php\/wp-json\/wp\/v2\/posts"}],"about":[{"href":"https:\/\/247stiri.ro\/index.php\/wp-json\/wp\/v2\/types\/post"}],"replies":[{"embeddable":true,"href":"https:\/\/247stiri.ro\/index.php\/wp-json\/wp\/v2\/comments?post=39342"}],"version-history":[{"count":0,"href":"https:\/\/247stiri.ro\/index.php\/wp-json\/wp\/v2\/posts\/39342\/revisions"}],"wp:featuredmedia":[{"embeddable":true,"href":"https:\/\/247stiri.ro\/index.php\/wp-json\/wp\/v2\/media\/39343"}],"wp:attachment":[{"href":"https:\/\/247stiri.ro\/index.php\/wp-json\/wp\/v2\/media?parent=39342"}],"wp:term":[{"taxonomy":"category","embeddable":true,"href":"https:\/\/247stiri.ro\/index.php\/wp-json\/wp\/v2\/categories?post=39342"},{"taxonomy":"post_tag","embeddable":true,"href":"https:\/\/247stiri.ro\/index.php\/wp-json\/wp\/v2\/tags?post=39342"}],"curies":[{"name":"wp","href":"https:\/\/api.w.org\/{rel}","templated":true}]}}