{"id":39348,"date":"2025-03-14T06:45:40","date_gmt":"2025-03-14T06:45:40","guid":{"rendered":"https:\/\/247stiri.ro\/index.php\/2025\/03\/14\/vremea-schimba-foaia-pentru-o-saptamana-din-24-martie-ne-asteapta-temperaturi-de-vara\/"},"modified":"2025-03-14T06:45:40","modified_gmt":"2025-03-14T06:45:40","slug":"vremea-schimba-foaia-pentru-o-saptamana-din-24-martie-ne-asteapta-temperaturi-de-vara","status":"publish","type":"post","link":"https:\/\/247stiri.ro\/index.php\/2025\/03\/14\/vremea-schimba-foaia-pentru-o-saptamana-din-24-martie-ne-asteapta-temperaturi-de-vara\/","title":{"rendered":"Vremea schimb\u0103 foaia pentru o s\u0103pt\u0103m\u00e2n\u0103! Din 24 martie ne a\u0219teapt\u0103 temperaturi de var\u0103"},"content":{"rendered":"<p>S\u0103pt\u0103m\u00e2na 17.03.2025 \u2013 24.03.2025<\/p>\n<p>Valorile termice vor fi mai cobor\u00e2te dec\u00e2t cele specifice pentru aceast\u0103 s\u0103pt\u0103m\u00e2n\u0103, pe \u00eentreg teritoriul Rom\u00e2niei.<\/p>\n<p>Regimul pluviometric va fi deficitar \u00een regiunile vestice \u015fi nordice, iar \u00een rest va fi \u00een general apropiat de cel normal pentru acest interval.<\/p>\n<p>S\u0103pt\u0103m\u00e2na 24.03.2025 \u2013 31.03.2025<\/p>\n<p>Temperaturile medii vor fi mai ridicate dec\u00e2t cele normale pentru aceast\u0103 perioad\u0103 la nivelul \u00eentregii \u0163\u0103ri, dar mai ales \u00een jum\u0103tatea nordic\u0103 a teritoriului.<\/p>\n<p>Cantit\u0103\u0163ile de precipita\u0163ii se vor situa \u00een jurul celor normale pentru acest interval \u00een toate regiunile.<\/p>\n<p>S\u0103pt\u0103m\u00e2na 31.03.2025 \u2013 07.04.2025<\/p>\n<p>Temperatura medie a aerului va avea valori mai ridicate dec\u00e2t cele normale pentru aceast\u0103 perioad\u0103, la nivelul \u00eentregii \u0163\u0103ri.<\/p>\n<p>Regimul pluviometric va fi \u00een general apropiat de cel normal pentru acest interval \u00een toate regiunile.<\/p>\n<p>S\u0103pt\u0103m\u00e2na 07.04.2025 \u2013 14.04.2025<\/p>\n<p>Mediile valorilor termice se vor situa u\u015for peste cele specifice pentru aceast\u0103 s\u0103pt\u0103m\u00e2n\u0103, pe \u00eentreg teritoriul Rom\u00e2niei.<\/p>\n<p>Cantit\u0103\u0163ile de precipita\u0163ii estimate pentru aceast\u0103 perioad\u0103 vor fi \u00een general apropiate de cele normale, cu posibilitatea unui u\u015for excedent \u00een zonele montane.<\/p>","protected":false},"excerpt":{"rendered":"<p>S\u0103pt\u0103m\u00e2na 17.03.2025 \u2013 24.03.2025 Valorile termice vor fi mai cobor\u00e2te dec\u00e2t cele specifice pentru aceast\u0103&hellip;<\/p>\n","protected":false},"author":0,"featured_media":39349,"comment_status":"open","ping_status":"open","sticky":false,"template":"","format":"standard","meta":{"footnotes":""},"categories":[2],"tags":[],"class_list":["post-39348","post","type-post","status-publish","format-standard","has-post-thumbnail","hentry","category-actual"],"_links":{"self":[{"href":"https:\/\/247stiri.ro\/index.php\/wp-json\/wp\/v2\/posts\/39348","targetHints":{"allow":["GET"]}}],"collection":[{"href":"https:\/\/247stiri.ro\/index.php\/wp-json\/wp\/v2\/posts"}],"about":[{"href":"https:\/\/247stiri.ro\/index.php\/wp-json\/wp\/v2\/types\/post"}],"replies":[{"embeddable":true,"href":"https:\/\/247stiri.ro\/index.php\/wp-json\/wp\/v2\/comments?post=39348"}],"version-history":[{"count":0,"href":"https:\/\/247stiri.ro\/index.php\/wp-json\/wp\/v2\/posts\/39348\/revisions"}],"wp:featuredmedia":[{"embeddable":true,"href":"https:\/\/247stiri.ro\/index.php\/wp-json\/wp\/v2\/media\/39349"}],"wp:attachment":[{"href":"https:\/\/247stiri.ro\/index.php\/wp-json\/wp\/v2\/media?parent=39348"}],"wp:term":[{"taxonomy":"category","embeddable":true,"href":"https:\/\/247stiri.ro\/index.php\/wp-json\/wp\/v2\/categories?post=39348"},{"taxonomy":"post_tag","embeddable":true,"href":"https:\/\/247stiri.ro\/index.php\/wp-json\/wp\/v2\/tags?post=39348"}],"curies":[{"name":"wp","href":"https:\/\/api.w.org\/{rel}","templated":true}]}}