{"id":39354,"date":"2025-03-14T06:45:42","date_gmt":"2025-03-14T06:45:42","guid":{"rendered":"https:\/\/247stiri.ro\/index.php\/2025\/03\/14\/ponta-se-lauda-ca-e-apropiat-de-putin-cand-liderii-europeni-il-izolau-motivul-pentru-care-fostul-premier-a-mers-la-evenimente-controversate\/"},"modified":"2025-03-14T06:45:42","modified_gmt":"2025-03-14T06:45:42","slug":"ponta-se-lauda-ca-e-apropiat-de-putin-cand-liderii-europeni-il-izolau-motivul-pentru-care-fostul-premier-a-mers-la-evenimente-controversate","status":"publish","type":"post","link":"https:\/\/247stiri.ro\/index.php\/2025\/03\/14\/ponta-se-lauda-ca-e-apropiat-de-putin-cand-liderii-europeni-il-izolau-motivul-pentru-care-fostul-premier-a-mers-la-evenimente-controversate\/","title":{"rendered":"Ponta se l\u0103uda c\u0103 e apropiat de Putin c\u00e2nd liderii europeni \u00eel izolau. Motivul pentru care fostul premier a mers la evenimente controversate"},"content":{"rendered":"<p>Anexarea ilegal\u0103 a Crimeei de c\u0103tre Rusia a avut loc la scurt timp dup\u0103 \u00eencheierea Jocurilor Olimpice de Iarn\u0103 din 2014. Majoritatea liderilor europeni boicotaser\u0103 oricum evenimentul din cauza Euromaidanului din Kiev care izbucnise la finalul anului 2013. Victor Ponta nu s-a pus \u00een r\u00e2nd cu politicienii europeni \u0219i a mers \u00een Rusia la festivit\u0103\u021bile de deschidere.<\/p>\n<p>La acea vreme, jurnali\u0219tii scriau c\u0103 Ponta \u00eencerca de fapt s\u0103 \u00eei dea o lec\u021bie lui Klaus Iohannis \u0219i c\u0103 fostul premier era apropiat de ideologia lui Putin, aceea a unui \u201et\u0103tuc la care s\u0103 se raporteze tot poporul\u201d.Scenariul s-a repetat \u00een anul urm\u0103tor. Ponta nu a evitat s\u0103 fie fotografiat \u00een timp ce se afla la doar c\u00e2\u021biva metri \u00een spatele lui Vladimir Putin. Cei doi au mers \u00een capitala Azerbaidjanului, Baku, pentru Jocurile Europene. \u0218i de aceast\u0103 dat\u0103, cei mai importan\u021bi lideri europeni au decis s\u0103 boicoteze evenimentul, \u00eens\u0103 Victor Ponta a ales s\u0103 participe \u0219i s\u0103 se laude c\u0103 are rela\u021bii apropiate de Rusia.Dan Mihalache, la acel moment \u0219ef al cancelariei preziden\u021biale, a declarat pentru pres\u0103 c\u0103 nici m\u0103car nu fusese anun\u021bat oficial c\u0103 Ponta avea s\u0103 c\u0103l\u0103toreasc\u0103 \u00een Azerbaidjan. Cu toate acestea, a l\u0103sat de \u00een\u021beles c\u0103 primise informa\u021bia din alte surse.<\/p>\n<p>\u201eNoi nu am fost informa\u021bi (c\u0103 premierul Ponta va fi prezent la Baku &#8211; n.r.). Prezen\u021ba premierului Rom\u00e2niei, dac\u0103 m\u0103 \u00eentreba\u021bi pe mine, mi se pare o gre\u0219eal\u0103 de politic\u0103 extern\u0103\u201d, a declarat fostul \u0219ef al cancelariei preziden\u021biale, Dan Mihalache.<\/p>\n<p>\u00cen Baku, al\u0103turi de Ponta au fost mai mul\u021bi politicieni controversa\u021bi, printre care se num\u0103r\u0103 pre\u0219edintele turc Recep Erdogan, Boiko Borisov, fostul premier al Bulgariei \u0219i Aleksandr Luka\u0219enko, pre\u0219edintele Belarusului. To\u021bi 3 sunt apropia\u021bi ai regimului condus de Vladimir Putin.<\/p>","protected":false},"excerpt":{"rendered":"<p>Anexarea ilegal\u0103 a Crimeei de c\u0103tre Rusia a avut loc la scurt timp dup\u0103 \u00eencheierea&hellip;<\/p>\n","protected":false},"author":0,"featured_media":39337,"comment_status":"open","ping_status":"open","sticky":false,"template":"","format":"standard","meta":{"footnotes":""},"categories":[2],"tags":[],"class_list":["post-39354","post","type-post","status-publish","format-standard","has-post-thumbnail","hentry","category-actual"],"_links":{"self":[{"href":"https:\/\/247stiri.ro\/index.php\/wp-json\/wp\/v2\/posts\/39354","targetHints":{"allow":["GET"]}}],"collection":[{"href":"https:\/\/247stiri.ro\/index.php\/wp-json\/wp\/v2\/posts"}],"about":[{"href":"https:\/\/247stiri.ro\/index.php\/wp-json\/wp\/v2\/types\/post"}],"replies":[{"embeddable":true,"href":"https:\/\/247stiri.ro\/index.php\/wp-json\/wp\/v2\/comments?post=39354"}],"version-history":[{"count":0,"href":"https:\/\/247stiri.ro\/index.php\/wp-json\/wp\/v2\/posts\/39354\/revisions"}],"wp:featuredmedia":[{"embeddable":true,"href":"https:\/\/247stiri.ro\/index.php\/wp-json\/wp\/v2\/media\/39337"}],"wp:attachment":[{"href":"https:\/\/247stiri.ro\/index.php\/wp-json\/wp\/v2\/media?parent=39354"}],"wp:term":[{"taxonomy":"category","embeddable":true,"href":"https:\/\/247stiri.ro\/index.php\/wp-json\/wp\/v2\/categories?post=39354"},{"taxonomy":"post_tag","embeddable":true,"href":"https:\/\/247stiri.ro\/index.php\/wp-json\/wp\/v2\/tags?post=39354"}],"curies":[{"name":"wp","href":"https:\/\/api.w.org\/{rel}","templated":true}]}}