{"id":39372,"date":"2025-03-14T07:46:53","date_gmt":"2025-03-14T07:46:53","guid":{"rendered":"https:\/\/247stiri.ro\/index.php\/2025\/03\/14\/diana-sosoaca-ko-de-la-federatia-romana-de-box-nu-este-presedintele-nostru-de-onoare\/"},"modified":"2025-03-14T07:46:53","modified_gmt":"2025-03-14T07:46:53","slug":"diana-sosoaca-ko-de-la-federatia-romana-de-box-nu-este-presedintele-nostru-de-onoare","status":"publish","type":"post","link":"https:\/\/247stiri.ro\/index.php\/2025\/03\/14\/diana-sosoaca-ko-de-la-federatia-romana-de-box-nu-este-presedintele-nostru-de-onoare\/","title":{"rendered":"Diana \u0218o\u0219oac\u0103, KO de la Federa\u021bia Rom\u00e2n\u0103 de Box: \u201eNU este pre\u0219edintele nostru de onoare\u201d"},"content":{"rendered":"<p>\u201dDna preziden\u021biabil\u0103 Diana \u0218o\u0219oac\u0103 NU reprezint\u0103 Federa\u021bia Rom\u00e2n\u0103 de Box! Declara\u021bia de azi a doamnei Diana \u0218o\u0219oac\u0103\u00a0\u2013\u00a0\u201dAm fost numit\u0103 de cur\u00e2nd pre\u0219edinte de onoare al Federa\u021biei Rom\u00e2ne de Box\u201d \u2013 f\u0103cut\u0103 dup\u0103 depunerea candidaturii domniei sale la alegerile preziden\u021biale din luna mai,\u00a0NU ARE LEG\u0102TUR\u0102 CU REALITATEA.<\/p>\n<p>\u201eDac\u0103 nu voi fi l\u0103sat\u0103 s\u0103 candidez \u0219i voi fi din nou oprit\u0103, praful \u0219i pulberea se va alege de alegerile lor \u0219i de sistemul lor\u201d, a declarat Diana \u0218o\u0219oac\u0103, \u00een timp ce \u00ee\u0219i agita m\u0103nu\u0219ile de box \u00een aer, la ie\u0219irea de la Biroul Electoral Central.<\/p>\n<p>Diana \u0218o\u0219oac\u0103 a \u201eintrat \u00een ring\u201d. \u0218i-a depus candidatura la preziden\u021biale cu m\u0103nu\u0219i de box: \u201eSatana n-a \u00eenvins niciodat\u0103! Pumnul \u0103sta este al justi\u021biei, al lui Dumnezeu!\u201d &#8211; VIDEO<\/p>\n<p>FR de Box \u00eei dore\u0219te succes doamnei \u0218o\u0219oac\u0103 \u0219i tuturor candida\u021bilor de la alegerile preziden\u021biale, dar nu este \u0219i nu va fi implicat\u0103 politic \u00een niciuna dintre campaniile electorale.<\/p>\n<p>\u201dFR de Box va aniversa anul viitor 100 de ani de la \u00eenfiin\u021bare, secol \u00een care boxul \u0219i-a p\u0103strat reputa\u021bia de \u201dnobila art\u0103\u201d \u0219i pentru c\u0103 a fost deasupra luptelor politice, unde loviturile sub centur\u0103 sunt chiar promovate. \u00cen box acestea r\u0103m\u00e2n interzise!\u00a0Federa\u021bia noastr\u0103 are un pre\u0219edinte de onoare, \u00een persoana marelui campion Mihai Leu, de care \u00eentreaga lume a boxului este m\u00e2ndr\u0103 \u0219i care r\u0103m\u00e2ne o emblem\u0103 a sportului nostru. Nu ne-am dezice de el nici m\u0103car pentru un pre\u0219edinte ales al Rom\u00e2niei\u201d, a declarat pre\u0219edintele \u00een func\u021bie al federa\u021biei, dl. Vasile C\u00eetea\u201d, conform Federa\u021biei Rom\u00e2ne de Box, \u00eentr-un mesaj postat pe o re\u021bea social\u0103.<\/p>","protected":false},"excerpt":{"rendered":"<p>\u201dDna preziden\u021biabil\u0103 Diana \u0218o\u0219oac\u0103 NU reprezint\u0103 Federa\u021bia Rom\u00e2n\u0103 de Box! Declara\u021bia de azi a doamnei&hellip;<\/p>\n","protected":false},"author":0,"featured_media":39363,"comment_status":"open","ping_status":"open","sticky":false,"template":"","format":"standard","meta":{"footnotes":""},"categories":[2],"tags":[],"class_list":["post-39372","post","type-post","status-publish","format-standard","has-post-thumbnail","hentry","category-actual"],"_links":{"self":[{"href":"https:\/\/247stiri.ro\/index.php\/wp-json\/wp\/v2\/posts\/39372","targetHints":{"allow":["GET"]}}],"collection":[{"href":"https:\/\/247stiri.ro\/index.php\/wp-json\/wp\/v2\/posts"}],"about":[{"href":"https:\/\/247stiri.ro\/index.php\/wp-json\/wp\/v2\/types\/post"}],"replies":[{"embeddable":true,"href":"https:\/\/247stiri.ro\/index.php\/wp-json\/wp\/v2\/comments?post=39372"}],"version-history":[{"count":0,"href":"https:\/\/247stiri.ro\/index.php\/wp-json\/wp\/v2\/posts\/39372\/revisions"}],"wp:featuredmedia":[{"embeddable":true,"href":"https:\/\/247stiri.ro\/index.php\/wp-json\/wp\/v2\/media\/39363"}],"wp:attachment":[{"href":"https:\/\/247stiri.ro\/index.php\/wp-json\/wp\/v2\/media?parent=39372"}],"wp:term":[{"taxonomy":"category","embeddable":true,"href":"https:\/\/247stiri.ro\/index.php\/wp-json\/wp\/v2\/categories?post=39372"},{"taxonomy":"post_tag","embeddable":true,"href":"https:\/\/247stiri.ro\/index.php\/wp-json\/wp\/v2\/tags?post=39372"}],"curies":[{"name":"wp","href":"https:\/\/api.w.org\/{rel}","templated":true}]}}