{"id":39375,"date":"2025-03-14T07:46:55","date_gmt":"2025-03-14T07:46:55","guid":{"rendered":"https:\/\/247stiri.ro\/index.php\/2025\/03\/14\/schimbarea-majora-care-ii-sperie-pe-romani-ce-oras-va-avea-primele-buletine-cu-aceasta-dotare\/"},"modified":"2025-03-14T07:46:55","modified_gmt":"2025-03-14T07:46:55","slug":"schimbarea-majora-care-ii-sperie-pe-romani-ce-oras-va-avea-primele-buletine-cu-aceasta-dotare","status":"publish","type":"post","link":"https:\/\/247stiri.ro\/index.php\/2025\/03\/14\/schimbarea-majora-care-ii-sperie-pe-romani-ce-oras-va-avea-primele-buletine-cu-aceasta-dotare\/","title":{"rendered":"Schimbarea major\u0103 care \u00eei sperie pe rom\u00e2ni. Ce ora\u0219 va avea primele buletine cu aceast\u0103 dotare?"},"content":{"rendered":"<p>Primele buletine dotate cu cip vor fi emise peste o s\u0103pt\u0103m\u00e2n\u0103 \u00een jude\u021bul Cluj, iar \u00een urm\u0103toarele dou\u0103 luni documentul va fi disponibil \u00een \u00eentreaga \u021bar\u0103, prin serviciile publice comunitare de eviden\u021b\u0103 a persoanelor, anun\u021b\u0103 Ministerul de Interne.<\/p>\n<p>Cartea electronic\u0103 de identitate va avea o dimensiune standard, similar\u0103 cardurilor bancare. \u00cen format tip\u0103rit va con\u021bine nume, prenume, cet\u0103\u021benia, data na\u0219terii, sexul, o fotografie \u0219i Codul Numeric Personal, precum \u0219i semn\u0103tura olograf\u0103.<\/p>\n<p>\u00cen format electronic vor exista \u0219i alte informa\u021bii, precum prenumele p\u0103rin\u021bilor, domiciliul, amprentele a dou\u0103 degete ale titularului \u0219i certificate digitale pentru autentificare sau semn\u0103tura electronic\u0103.<\/p>\n<p>Potrivit Ministerului de Interne, cartea electronic\u0103 de identitate va con\u021bine elemente avansate de securitate care asigur\u0103 protec\u021bie \u00eempotriva falsific\u0103rii \u0219i a furtului de identitate.<\/p>\n<p>De la \u00eenceputul lunii iunie, p\u0103rin\u021bii vor putea solicita acest document pentru copiii care au v\u00e2rsta sub 14 ani. Acest lucru \u00eenseamn\u0103 c\u0103 \u00een \u021b\u0103rile unde se accept\u0103 cartea electronic\u0103 de identitate va putea fi utilizat\u0103 ca document de c\u0103l\u0103torie \u00een locul pa\u0219aportului. Cartea electronic\u0103 de identitate nu este obligatorie. Cei care nu o doresc pot solicita din 20 mai c\u0103r\u021bi de identitate simple, f\u0103r\u0103 microcip.<\/p>","protected":false},"excerpt":{"rendered":"<p>Primele buletine dotate cu cip vor fi emise peste o s\u0103pt\u0103m\u00e2n\u0103 \u00een jude\u021bul Cluj, iar&hellip;<\/p>\n","protected":false},"author":0,"featured_media":39376,"comment_status":"open","ping_status":"open","sticky":false,"template":"","format":"standard","meta":{"footnotes":""},"categories":[2],"tags":[],"class_list":["post-39375","post","type-post","status-publish","format-standard","has-post-thumbnail","hentry","category-actual"],"_links":{"self":[{"href":"https:\/\/247stiri.ro\/index.php\/wp-json\/wp\/v2\/posts\/39375","targetHints":{"allow":["GET"]}}],"collection":[{"href":"https:\/\/247stiri.ro\/index.php\/wp-json\/wp\/v2\/posts"}],"about":[{"href":"https:\/\/247stiri.ro\/index.php\/wp-json\/wp\/v2\/types\/post"}],"replies":[{"embeddable":true,"href":"https:\/\/247stiri.ro\/index.php\/wp-json\/wp\/v2\/comments?post=39375"}],"version-history":[{"count":0,"href":"https:\/\/247stiri.ro\/index.php\/wp-json\/wp\/v2\/posts\/39375\/revisions"}],"wp:featuredmedia":[{"embeddable":true,"href":"https:\/\/247stiri.ro\/index.php\/wp-json\/wp\/v2\/media\/39376"}],"wp:attachment":[{"href":"https:\/\/247stiri.ro\/index.php\/wp-json\/wp\/v2\/media?parent=39375"}],"wp:term":[{"taxonomy":"category","embeddable":true,"href":"https:\/\/247stiri.ro\/index.php\/wp-json\/wp\/v2\/categories?post=39375"},{"taxonomy":"post_tag","embeddable":true,"href":"https:\/\/247stiri.ro\/index.php\/wp-json\/wp\/v2\/tags?post=39375"}],"curies":[{"name":"wp","href":"https:\/\/api.w.org\/{rel}","templated":true}]}}