{"id":39377,"date":"2025-03-14T07:46:55","date_gmt":"2025-03-14T07:46:55","guid":{"rendered":"https:\/\/247stiri.ro\/index.php\/2025\/03\/14\/ilie-bolojan-va-prezenta-azi-initiativa-de-a-deschide-palatul-cotroceni-pentru-public\/"},"modified":"2025-03-14T07:46:55","modified_gmt":"2025-03-14T07:46:55","slug":"ilie-bolojan-va-prezenta-azi-initiativa-de-a-deschide-palatul-cotroceni-pentru-public","status":"publish","type":"post","link":"https:\/\/247stiri.ro\/index.php\/2025\/03\/14\/ilie-bolojan-va-prezenta-azi-initiativa-de-a-deschide-palatul-cotroceni-pentru-public\/","title":{"rendered":"Ilie Bolojan va prezenta azi ini\u021biativa de a deschide Palatul Cotroceni pentru public"},"content":{"rendered":"<p>Pe 28 februarie, \u00een prima conferin\u021b\u0103 de pres\u0103 sus\u021binut\u0103 la\u00a0Palatul Cotroceni, Ilie Bolojan a anun\u021bat c\u0103 \u0219i partea Palatului Cotroceni \u00een care se organizeaz\u0103 \u00eent\u00e2lnirile oficiale va fi integrat\u0103 \u00een Muzeul Cotroceni \u0219i va fi deschis\u0103 publicului, iar din prim\u0103var\u0103 va fi deschis\u0103 pentru vizitare \u00een regim gratuit \u0219i curtea Palatului Cotroceni.<\/p>\n<p>\u201eEste o chestiune de transparen\u021b\u0103 \u0219i de respect pentru cet\u0103\u021beni\u201d, a spus Bolojan, la acea dat\u0103.\u00a0\u00a0<\/p>","protected":false},"excerpt":{"rendered":"<p>Pe 28 februarie, \u00een prima conferin\u021b\u0103 de pres\u0103 sus\u021binut\u0103 la\u00a0Palatul Cotroceni, Ilie Bolojan a anun\u021bat&hellip;<\/p>\n","protected":false},"author":0,"featured_media":39370,"comment_status":"open","ping_status":"open","sticky":false,"template":"","format":"standard","meta":{"footnotes":""},"categories":[2],"tags":[],"class_list":["post-39377","post","type-post","status-publish","format-standard","has-post-thumbnail","hentry","category-actual"],"_links":{"self":[{"href":"https:\/\/247stiri.ro\/index.php\/wp-json\/wp\/v2\/posts\/39377","targetHints":{"allow":["GET"]}}],"collection":[{"href":"https:\/\/247stiri.ro\/index.php\/wp-json\/wp\/v2\/posts"}],"about":[{"href":"https:\/\/247stiri.ro\/index.php\/wp-json\/wp\/v2\/types\/post"}],"replies":[{"embeddable":true,"href":"https:\/\/247stiri.ro\/index.php\/wp-json\/wp\/v2\/comments?post=39377"}],"version-history":[{"count":0,"href":"https:\/\/247stiri.ro\/index.php\/wp-json\/wp\/v2\/posts\/39377\/revisions"}],"wp:featuredmedia":[{"embeddable":true,"href":"https:\/\/247stiri.ro\/index.php\/wp-json\/wp\/v2\/media\/39370"}],"wp:attachment":[{"href":"https:\/\/247stiri.ro\/index.php\/wp-json\/wp\/v2\/media?parent=39377"}],"wp:term":[{"taxonomy":"category","embeddable":true,"href":"https:\/\/247stiri.ro\/index.php\/wp-json\/wp\/v2\/categories?post=39377"},{"taxonomy":"post_tag","embeddable":true,"href":"https:\/\/247stiri.ro\/index.php\/wp-json\/wp\/v2\/tags?post=39377"}],"curies":[{"name":"wp","href":"https:\/\/api.w.org\/{rel}","templated":true}]}}