{"id":39378,"date":"2025-03-14T07:46:55","date_gmt":"2025-03-14T07:46:55","guid":{"rendered":"https:\/\/247stiri.ro\/index.php\/2025\/03\/14\/tragedie-in-judetul-botosani-doi-barbati-au-murit-intr-un-incendiu-care-le-a-cuprins-locuinta\/"},"modified":"2025-03-14T07:46:55","modified_gmt":"2025-03-14T07:46:55","slug":"tragedie-in-judetul-botosani-doi-barbati-au-murit-intr-un-incendiu-care-le-a-cuprins-locuinta","status":"publish","type":"post","link":"https:\/\/247stiri.ro\/index.php\/2025\/03\/14\/tragedie-in-judetul-botosani-doi-barbati-au-murit-intr-un-incendiu-care-le-a-cuprins-locuinta\/","title":{"rendered":"Tragedie \u00een jude\u021bul Boto\u0219ani. Doi b\u0103rba\u021bi au murit \u00eentr-un incendiu care le-a cuprins locuin\u021ba"},"content":{"rendered":"<p>Tragedia a avult loc \u00een localitatea Mitoc, din jude\u021bul Boto\u0219ani, iar <a href=\"https:\/\/www.realitatea.net\/stiri\/actual\/incendiu-de-proportii-in-delta-dunarii-accesul-pentru-interventie-imposibil_67d340ee626c3118d23e6858\" target=\"_blank\">incendiul<\/a> a fost at\u00e2t de puternic \u00eenc\u00e2t a cuprins \u0219i un ad\u0103pos de animale.\u00a0<\/p>\n<p>Inspectoratul pentru Situa\u021bii de Urgen\u021b\u0103 Boto\u0219ani a anun\u021bat c\u0103 fl\u0103c\u0103rile au fost observate de vecinii celor dou\u0103 victime care au sunat dup\u0103 ajutor.\u00a0<\/p>\n<p>&#8222;La fa\u0163a locului s-au deplasat trei echipaje din cadrul Punctului de Lucru Co\u0163u\u015fca \u015fi Sta\u0163iei de Pompieri S\u0103veni, cu dou\u0103 autospeciale de stingere \u015fi ambulan\u0163a SMURD, Serviciul Voluntar pentru Situa\u0163ii de Urgen\u0163\u0103 Mitoc \u015fi un echipaj de la SAJ. Locuin\u0163a ardea generalizat, acoperi\u015ful fiind pr\u0103bu\u015fit \u00een interior, iar ad\u0103postul de animale era cuprins de fl\u0103c\u0103ri par\u0163ial.<\/p>\n<p>\u00centruc\u00e2t existau informa\u0163ii c\u0103 doi b\u0103rba\u0163i, \u00een v\u00e2rst\u0103 de 65 de ani, respectiv 60 de ani, care aveau grij\u0103 de gospod\u0103rie, ar putea s\u0103 fie \u00een interiorul casei, pompierii au \u00eenceput c\u0103ut\u0103rile, concomitent cu ac\u0163iunea de stingere. Din nefericire, ace\u015ftia au fost g\u0103si\u0163i deceda\u0163i, \u00eentr-una dintre camere, sub d\u0103r\u00e2m\u0103turi&#8221;, au precizat oficialii ISU Boto\u015fani.<\/p>\n<p>Potrivit reprezentan\u021bilor ISU Boto\u0219ani, \u00een incendiul \u00een care au murit cei doi b\u0103rba\u021bi au ars \u0219i patru vaci.\u00a0<\/p>","protected":false},"excerpt":{"rendered":"<p>Tragedia a avult loc \u00een localitatea Mitoc, din jude\u021bul Boto\u0219ani, iar incendiul a fost at\u00e2t&hellip;<\/p>\n","protected":false},"author":0,"featured_media":39379,"comment_status":"open","ping_status":"open","sticky":false,"template":"","format":"standard","meta":{"footnotes":""},"categories":[2],"tags":[],"class_list":["post-39378","post","type-post","status-publish","format-standard","has-post-thumbnail","hentry","category-actual"],"_links":{"self":[{"href":"https:\/\/247stiri.ro\/index.php\/wp-json\/wp\/v2\/posts\/39378","targetHints":{"allow":["GET"]}}],"collection":[{"href":"https:\/\/247stiri.ro\/index.php\/wp-json\/wp\/v2\/posts"}],"about":[{"href":"https:\/\/247stiri.ro\/index.php\/wp-json\/wp\/v2\/types\/post"}],"replies":[{"embeddable":true,"href":"https:\/\/247stiri.ro\/index.php\/wp-json\/wp\/v2\/comments?post=39378"}],"version-history":[{"count":0,"href":"https:\/\/247stiri.ro\/index.php\/wp-json\/wp\/v2\/posts\/39378\/revisions"}],"wp:featuredmedia":[{"embeddable":true,"href":"https:\/\/247stiri.ro\/index.php\/wp-json\/wp\/v2\/media\/39379"}],"wp:attachment":[{"href":"https:\/\/247stiri.ro\/index.php\/wp-json\/wp\/v2\/media?parent=39378"}],"wp:term":[{"taxonomy":"category","embeddable":true,"href":"https:\/\/247stiri.ro\/index.php\/wp-json\/wp\/v2\/categories?post=39378"},{"taxonomy":"post_tag","embeddable":true,"href":"https:\/\/247stiri.ro\/index.php\/wp-json\/wp\/v2\/tags?post=39378"}],"curies":[{"name":"wp","href":"https:\/\/api.w.org\/{rel}","templated":true}]}}