{"id":39380,"date":"2025-03-14T07:46:56","date_gmt":"2025-03-14T07:46:56","guid":{"rendered":"https:\/\/247stiri.ro\/index.php\/2025\/03\/14\/donald-trump-promite-solemn-ca-nicio-tara-nato-nu-va-fi-atacata-de-rusia\/"},"modified":"2025-03-14T07:46:56","modified_gmt":"2025-03-14T07:46:56","slug":"donald-trump-promite-solemn-ca-nicio-tara-nato-nu-va-fi-atacata-de-rusia","status":"publish","type":"post","link":"https:\/\/247stiri.ro\/index.php\/2025\/03\/14\/donald-trump-promite-solemn-ca-nicio-tara-nato-nu-va-fi-atacata-de-rusia\/","title":{"rendered":"Donald Trump promite solemn c\u0103 nicio \u021bar\u0103 NATO nu va fi atacat\u0103 de Rusia"},"content":{"rendered":"<p>Temerile membrilor NATO cu privire la un poten\u021bial atac rusesc \u201enu sunt justificate\u201d, iar SUA se vor asigura c\u0103 Moscova nu \u00eentreprinde astfel de ac\u021biuni, a declarat pre\u0219edintele american Donald Trump, relateaz\u0103\u00a0<a href=\"https:\/\/www.theguardian.com\/world\/live\/2025\/mar\/13\/ukraine-war-live-blog-updates-ceasefire-russia-trump-zelenskyy-putin-updates?filterKeyEvents=false&amp;page=with%3Ablock-67d31f558f08b5dc8f13b4ed#block-67d31f558f08b5dc8f13b4ed\" target=\"_blank\">The Guardian<\/a>.<\/p>\n<p>Jurnali\u0219tii l-au \u00eentrebat pe Trump despre \u00eengrijor\u0103rile unor alia\u021bi NATO cu privire la o posibil\u0103 agresiune rus\u0103 \u0219i dac\u0103 el consider\u0103 aceste temeri justificate.<\/p>\n<p>\u201eNu, eu a\u0219a cred. C\u00e2nd acest lucru se va face, se va face, ei (solda\u021bii ru\u0219i \u2013 n.r.) vor dori cu to\u021bii s\u0103 mearg\u0103 acas\u0103 \u0219i s\u0103 se odihneasc\u0103\u201d, a spus Trump.<\/p>\n<p>Pre\u0219edintele american a subliniat c\u0103 \u021bara sa se va asigura c\u0103 nu va avea loc niciun atac asupra alia\u021bilor din NATO.<\/p>\n<p>\u201eNu se va \u00eent\u00e2mpl\u0103, dar ne vom asigura c\u0103 nu se va \u00eent\u00e2mpl\u0103\u201d, a ad\u0103ugat el.<\/p>\n<p>Anterior, Serviciul de informa\u021bii al Ministerului danez al Ap\u0103r\u0103rii a raportat c\u0103 Rusia ar fi preg\u0103tit\u0103 de r\u0103zboi cu NATO \u00een c\u00e2\u021biva ani.<\/p>\n<p>Potrivit raportului serviciilor de informa\u021bii, Rusia urm\u0103re\u0219te s\u0103 lupte de la egal la egal cu Alian\u021ba \u0219i \u00ee\u0219i reorganizeaz\u0103 for\u021bele armate pentru a atinge acest obiectiv.<\/p>","protected":false},"excerpt":{"rendered":"<p>Temerile membrilor NATO cu privire la un poten\u021bial atac rusesc \u201enu sunt justificate\u201d, iar SUA&hellip;<\/p>\n","protected":false},"author":0,"featured_media":39367,"comment_status":"open","ping_status":"open","sticky":false,"template":"","format":"standard","meta":{"footnotes":""},"categories":[2],"tags":[],"class_list":["post-39380","post","type-post","status-publish","format-standard","has-post-thumbnail","hentry","category-actual"],"_links":{"self":[{"href":"https:\/\/247stiri.ro\/index.php\/wp-json\/wp\/v2\/posts\/39380","targetHints":{"allow":["GET"]}}],"collection":[{"href":"https:\/\/247stiri.ro\/index.php\/wp-json\/wp\/v2\/posts"}],"about":[{"href":"https:\/\/247stiri.ro\/index.php\/wp-json\/wp\/v2\/types\/post"}],"replies":[{"embeddable":true,"href":"https:\/\/247stiri.ro\/index.php\/wp-json\/wp\/v2\/comments?post=39380"}],"version-history":[{"count":0,"href":"https:\/\/247stiri.ro\/index.php\/wp-json\/wp\/v2\/posts\/39380\/revisions"}],"wp:featuredmedia":[{"embeddable":true,"href":"https:\/\/247stiri.ro\/index.php\/wp-json\/wp\/v2\/media\/39367"}],"wp:attachment":[{"href":"https:\/\/247stiri.ro\/index.php\/wp-json\/wp\/v2\/media?parent=39380"}],"wp:term":[{"taxonomy":"category","embeddable":true,"href":"https:\/\/247stiri.ro\/index.php\/wp-json\/wp\/v2\/categories?post=39380"},{"taxonomy":"post_tag","embeddable":true,"href":"https:\/\/247stiri.ro\/index.php\/wp-json\/wp\/v2\/tags?post=39380"}],"curies":[{"name":"wp","href":"https:\/\/api.w.org\/{rel}","templated":true}]}}