{"id":39390,"date":"2025-03-14T08:45:17","date_gmt":"2025-03-14T08:45:17","guid":{"rendered":"https:\/\/247stiri.ro\/index.php\/2025\/03\/14\/comisia-europeana-grabeste-cresterea-cheltuielilor-de-aparare-cum-vrea-ursula-von-der-leyen-sa-ocoleasca-parlamentul\/"},"modified":"2025-03-14T08:45:17","modified_gmt":"2025-03-14T08:45:17","slug":"comisia-europeana-grabeste-cresterea-cheltuielilor-de-aparare-cum-vrea-ursula-von-der-leyen-sa-ocoleasca-parlamentul","status":"publish","type":"post","link":"https:\/\/247stiri.ro\/index.php\/2025\/03\/14\/comisia-europeana-grabeste-cresterea-cheltuielilor-de-aparare-cum-vrea-ursula-von-der-leyen-sa-ocoleasca-parlamentul\/","title":{"rendered":"Comisia European\u0103 gr\u0103be\u0219te cre\u0219terea cheltuielilor de ap\u0103rare. Cum vrea Ursula von der Leyen s\u0103 ocoleasc\u0103 Parlamentul"},"content":{"rendered":"<p>Pre\u0219edinta Comisiei Europene, Ursula von der Leyen, invoc\u0103 un articol din Tratatul Uniunii Europene, care permite ca propunerea s\u0103 ocoleasc\u0103 Parlamentul European \u0219i s\u0103 mearg\u0103 direct la Consiliu pentru negociere \u0219i adoptare.<\/p>\n<p>Aceast\u0103 decizie \u00eengr\u0103de\u0219te rolul Parlamentului, care va fi limitat la prezentarea ideilor \u0219i solicitarea unor dezbateri.\u00a0<\/p>","protected":false},"excerpt":{"rendered":"<p>Pre\u0219edinta Comisiei Europene, Ursula von der Leyen, invoc\u0103 un articol din Tratatul Uniunii Europene, care&hellip;<\/p>\n","protected":false},"author":0,"featured_media":39387,"comment_status":"open","ping_status":"open","sticky":false,"template":"","format":"standard","meta":{"footnotes":""},"categories":[3],"tags":[],"class_list":["post-39390","post","type-post","status-publish","format-standard","has-post-thumbnail","hentry","category-politica"],"_links":{"self":[{"href":"https:\/\/247stiri.ro\/index.php\/wp-json\/wp\/v2\/posts\/39390","targetHints":{"allow":["GET"]}}],"collection":[{"href":"https:\/\/247stiri.ro\/index.php\/wp-json\/wp\/v2\/posts"}],"about":[{"href":"https:\/\/247stiri.ro\/index.php\/wp-json\/wp\/v2\/types\/post"}],"replies":[{"embeddable":true,"href":"https:\/\/247stiri.ro\/index.php\/wp-json\/wp\/v2\/comments?post=39390"}],"version-history":[{"count":0,"href":"https:\/\/247stiri.ro\/index.php\/wp-json\/wp\/v2\/posts\/39390\/revisions"}],"wp:featuredmedia":[{"embeddable":true,"href":"https:\/\/247stiri.ro\/index.php\/wp-json\/wp\/v2\/media\/39387"}],"wp:attachment":[{"href":"https:\/\/247stiri.ro\/index.php\/wp-json\/wp\/v2\/media?parent=39390"}],"wp:term":[{"taxonomy":"category","embeddable":true,"href":"https:\/\/247stiri.ro\/index.php\/wp-json\/wp\/v2\/categories?post=39390"},{"taxonomy":"post_tag","embeddable":true,"href":"https:\/\/247stiri.ro\/index.php\/wp-json\/wp\/v2\/tags?post=39390"}],"curies":[{"name":"wp","href":"https:\/\/api.w.org\/{rel}","templated":true}]}}