{"id":39420,"date":"2025-03-14T09:44:52","date_gmt":"2025-03-14T09:44:52","guid":{"rendered":"https:\/\/247stiri.ro\/index.php\/2025\/03\/14\/o-geanta-in-valoare-de-3-500-de-euro-a-fost-furata-in-timp-ce-era-scoasa-la-vanzare-intr-o-galerie-comerciala-din-sectorul-1\/"},"modified":"2025-03-14T09:44:52","modified_gmt":"2025-03-14T09:44:52","slug":"o-geanta-in-valoare-de-3-500-de-euro-a-fost-furata-in-timp-ce-era-scoasa-la-vanzare-intr-o-galerie-comerciala-din-sectorul-1","status":"publish","type":"post","link":"https:\/\/247stiri.ro\/index.php\/2025\/03\/14\/o-geanta-in-valoare-de-3-500-de-euro-a-fost-furata-in-timp-ce-era-scoasa-la-vanzare-intr-o-galerie-comerciala-din-sectorul-1\/","title":{"rendered":"O geant\u0103 \u00een valoare de 3.500 de euro a fost FURAT\u0102 \u00een timp ce era scoas\u0103 la v\u00e2nzare, \u00eentr-o galerie comercial\u0103 din Sectorul 1"},"content":{"rendered":"<p>\u201dLa data de 9 martie 2025, poli\u0163i\u015fti din cadrul Direc\u0163iei Generale de Poli\u0163ie a Municipiului Bucure\u015fti- Sec\u0163ia 1 Poli\u0163ie au fost sesiza\u0163i, prin pl\u00e2ngere, de c\u0103tre o femeie, cu privire la faptul c\u0103, \u00een timp ce se afla la un eveniment, i-ar fi fost sustras\u0103 o geant\u0103, pe care ar fi avut-o expus\u0103 la v\u00e2nzare, \u00een incinta unei galerii din Sectorul 1, prejudiciul fiind de aproximativ 3.500 de euro. \u00cen urma activit\u0103\u0163ilor specifice efectuate, a fost identificat\u0103 o t\u00e2n\u0103r\u0103, b\u0103nuit\u0103 de comiterea faptei\u201d, au transmis, vineri, reprezentan\u0163ii Poli\u0163iei Capitalei.<\/p>\n<p>Poli\u0163i\u015ftii au stabilit c\u0103 dup\u0103 ce a furat geanta, t\u00e2n\u0103ra a dus-o la o cas\u0103 de amanet din Sectorul 2 al Capitalei, acolo unde, de altfel, a \u0219i fost g\u0103sit\u0103.\u00a0Dosarul a ajuns la Parchetul de pe l\u00e2ng\u0103 Judec\u0103toria Sectorului 1.<\/p>","protected":false},"excerpt":{"rendered":"<p>\u201dLa data de 9 martie 2025, poli\u0163i\u015fti din cadrul Direc\u0163iei Generale de Poli\u0163ie a Municipiului&hellip;<\/p>\n","protected":false},"author":0,"featured_media":39421,"comment_status":"open","ping_status":"open","sticky":false,"template":"","format":"standard","meta":{"footnotes":""},"categories":[2],"tags":[],"class_list":["post-39420","post","type-post","status-publish","format-standard","has-post-thumbnail","hentry","category-actual"],"_links":{"self":[{"href":"https:\/\/247stiri.ro\/index.php\/wp-json\/wp\/v2\/posts\/39420","targetHints":{"allow":["GET"]}}],"collection":[{"href":"https:\/\/247stiri.ro\/index.php\/wp-json\/wp\/v2\/posts"}],"about":[{"href":"https:\/\/247stiri.ro\/index.php\/wp-json\/wp\/v2\/types\/post"}],"replies":[{"embeddable":true,"href":"https:\/\/247stiri.ro\/index.php\/wp-json\/wp\/v2\/comments?post=39420"}],"version-history":[{"count":0,"href":"https:\/\/247stiri.ro\/index.php\/wp-json\/wp\/v2\/posts\/39420\/revisions"}],"wp:featuredmedia":[{"embeddable":true,"href":"https:\/\/247stiri.ro\/index.php\/wp-json\/wp\/v2\/media\/39421"}],"wp:attachment":[{"href":"https:\/\/247stiri.ro\/index.php\/wp-json\/wp\/v2\/media?parent=39420"}],"wp:term":[{"taxonomy":"category","embeddable":true,"href":"https:\/\/247stiri.ro\/index.php\/wp-json\/wp\/v2\/categories?post=39420"},{"taxonomy":"post_tag","embeddable":true,"href":"https:\/\/247stiri.ro\/index.php\/wp-json\/wp\/v2\/tags?post=39420"}],"curies":[{"name":"wp","href":"https:\/\/api.w.org\/{rel}","templated":true}]}}