{"id":39424,"date":"2025-03-14T09:44:54","date_gmt":"2025-03-14T09:44:54","guid":{"rendered":"https:\/\/247stiri.ro\/index.php\/2025\/03\/14\/doua-noi-contestatii-privind-candidaturile-lui-crin-antonescu-si-nicusor-dan-pe-masa-ccr-sedinta-decisiva-de-la-ora-12-00\/"},"modified":"2025-03-14T09:44:54","modified_gmt":"2025-03-14T09:44:54","slug":"doua-noi-contestatii-privind-candidaturile-lui-crin-antonescu-si-nicusor-dan-pe-masa-ccr-sedinta-decisiva-de-la-ora-12-00","status":"publish","type":"post","link":"https:\/\/247stiri.ro\/index.php\/2025\/03\/14\/doua-noi-contestatii-privind-candidaturile-lui-crin-antonescu-si-nicusor-dan-pe-masa-ccr-sedinta-decisiva-de-la-ora-12-00\/","title":{"rendered":"Dou\u0103 noi CONTESTA\u021aII privind candidaturile lui Crin Antonescu \u0219i Nicu\u0219or Dan, pe masa CCR. \u0218edin\u021b\u0103 decisiv\u0103 de la ora 12.00"},"content":{"rendered":"<p>La CCR au fost depuse dou\u0103 noi contesta\u0163ii, viz\u00e2ndu-i pe Crin Antonescu \u015fi Nicu\u015for Dan.<\/p>\n<p>\u201d\u015eedin\u0163a de judecat\u0103 a Cur\u0163ii Constitu\u0163ionale privind contesta\u0163iile \u00eenregistrate \u00een temeiul Legii nr.370\/2004 va avea loc vineri, 14 martie 2025, ora 12:00 (pe baza sesiz\u0103rilor \u015fi a celorlalte documente depuse la dosar p\u00e2n\u0103 la data de 14 martie 2025, ora 11:30)\u201d, a anun\u0163at institu\u0163ia \u00eentr-o informare de pres\u0103.<\/p>\n<p>\u201dCum va r\u0103spunde exigen\u0163elor postului de pre\u015fedinte, c\u00e2nd domnia sa nu este capabil s\u0103 se trezeasc\u0103 dec\u00e2t dup\u0103 ora 12.00?\u201d, s e\u00eentreab\u0103 contestatarul lui Crin Antonescu. \u00cen cazul lui Nicu\u015for Dan, autorul contesta\u0163iei cere conexarea dosarului s\u0103u cu argumentele din dosarul de invalidare a candidaturii Dianei \u015eo\u015foac\u0103 sau \u201ddemisia \u00eentregului complet de judecat\u0103 al CCR\u201d.<\/p>\n<p>Contesta\u021bia \u00eempotriva candidaturii lui Crin Antonescu<\/p>\n<p>\u201dDomnul Crin Antonescu, de profesie \u015fomer, beneficiar de venit minim garantat, nu poate media rela\u0163ia cu un loc de munc\u0103, absentismul lui din Senat fiind de notorietate public\u0103. Cum va r\u0103spunde exigen\u0163elor postului de pre\u015fedinte, c\u00e2nd domnia sa nu este capabil s\u0103 se trezeasc\u0103 dec\u00e2t dup\u0103 ora 12.00?\u201d afirm\u0103 contestatarul candidatului alian\u0163ei de guvernare, care face trimitere la faptul c\u0103 pre\u015fedintele exercit\u0103 func\u0163ia de mediere \u00eentre puterile statului, precum \u015fi \u00eentre stat \u015fi societate, fiind un liant al tutror categoiilor sociale.<\/p>\n<p>Antonescu mai e acuzat c\u0103 nu s-a manifestat ca o persoan\u0103 care sprijin\u0103 principiul suveranit\u0103\u0163ii na\u0163ionale \u015fi ordinea constitu\u0163ional\u0103 \u015fi i se repro\u015feaz\u0103 \u201dsus\u0163inerea unor curente de g\u00e2ndire promovate de Funda\u0163ia Soros\u201d<\/p>\n<p>\u201dSingurul motiv pentru care b\u0103rb\u0103\u0163ia domniei sale trebuie salvat\u0103 prin acest loc de munc\u0103, \u00een func\u0163ia de pre\u015fedinte, este s\u0103 nu mai depind\u0103 de banii so\u0163iei sau ai contribuabililor\u201d, afirm\u0103 contestatarul.<\/p>\n<p>Contesta\u021bia \u00eempotriva candidaturii lui Nicu\u0219or Dan<\/p>\n<p>Contestatarul lui Nicu\u015for Dan consider\u0103 c\u0103 \u00een cazul acestuia nu sunt \u00eendeplinite \u00een special condi\u0163iile de fond ale depunerii candidaturii \u201dav\u00e2nd \u00een vedere comportamentul acestuia din campania electoral\u0103 \u015fi fa\u0163\u0103 de rezultatul alegerilor din 2024\u201d.<\/p>\n<p>Autorul contesta\u0163iei cere conexarea dosarului s\u0103u cu argumentele din dosarul de invalidare a candidaturii Dianei \u015eo\u015foac\u0103 sau \u201ddemisia \u00eentregului complet de judecat\u0103 al CCR\u201d.<\/p>\n<p>\u201dLa mul\u0163i ani de ziua femeii tuturor doamnlor judec\u0103tor \u015fi tuturor doamnelor care citesc acest mesaj\u201d,mai scrie contestatarul.<\/p>\n<p>\u00a0<\/p>","protected":false},"excerpt":{"rendered":"<p>La CCR au fost depuse dou\u0103 noi contesta\u0163ii, viz\u00e2ndu-i pe Crin Antonescu \u015fi Nicu\u015for Dan.&hellip;<\/p>\n","protected":false},"author":0,"featured_media":39416,"comment_status":"open","ping_status":"open","sticky":false,"template":"","format":"standard","meta":{"footnotes":""},"categories":[2],"tags":[],"class_list":["post-39424","post","type-post","status-publish","format-standard","has-post-thumbnail","hentry","category-actual"],"_links":{"self":[{"href":"https:\/\/247stiri.ro\/index.php\/wp-json\/wp\/v2\/posts\/39424","targetHints":{"allow":["GET"]}}],"collection":[{"href":"https:\/\/247stiri.ro\/index.php\/wp-json\/wp\/v2\/posts"}],"about":[{"href":"https:\/\/247stiri.ro\/index.php\/wp-json\/wp\/v2\/types\/post"}],"replies":[{"embeddable":true,"href":"https:\/\/247stiri.ro\/index.php\/wp-json\/wp\/v2\/comments?post=39424"}],"version-history":[{"count":0,"href":"https:\/\/247stiri.ro\/index.php\/wp-json\/wp\/v2\/posts\/39424\/revisions"}],"wp:featuredmedia":[{"embeddable":true,"href":"https:\/\/247stiri.ro\/index.php\/wp-json\/wp\/v2\/media\/39416"}],"wp:attachment":[{"href":"https:\/\/247stiri.ro\/index.php\/wp-json\/wp\/v2\/media?parent=39424"}],"wp:term":[{"taxonomy":"category","embeddable":true,"href":"https:\/\/247stiri.ro\/index.php\/wp-json\/wp\/v2\/categories?post=39424"},{"taxonomy":"post_tag","embeddable":true,"href":"https:\/\/247stiri.ro\/index.php\/wp-json\/wp\/v2\/tags?post=39424"}],"curies":[{"name":"wp","href":"https:\/\/api.w.org\/{rel}","templated":true}]}}