{"id":39426,"date":"2025-03-14T09:44:54","date_gmt":"2025-03-14T09:44:54","guid":{"rendered":"https:\/\/247stiri.ro\/index.php\/2025\/03\/14\/revolta-in-parlamentul-european-dupa-interzicerea-lui-calin-georgescu-europarlamentar-de-ce-ne-amestecam-in-alegerile-din-romania\/"},"modified":"2025-03-14T09:44:54","modified_gmt":"2025-03-14T09:44:54","slug":"revolta-in-parlamentul-european-dupa-interzicerea-lui-calin-georgescu-europarlamentar-de-ce-ne-amestecam-in-alegerile-din-romania","status":"publish","type":"post","link":"https:\/\/247stiri.ro\/index.php\/2025\/03\/14\/revolta-in-parlamentul-european-dupa-interzicerea-lui-calin-georgescu-europarlamentar-de-ce-ne-amestecam-in-alegerile-din-romania\/","title":{"rendered":"Revolt\u0103 \u00een Parlamentul European, dup\u0103 interzicerea lui C\u0103lin Georgescu. Europarlamentar:\u201d De ce ne amestec\u0103m \u00een alegerile din Rom\u00e2nia?\u201d"},"content":{"rendered":"<p>Christine Anderson, europarlamentar AFD, a dezv\u0103luit \u00een plenul Palamentului European de ce a fost blocat\u0103 candidatura lui <a href=\"https:\/\/www.realitatea.net\/stiri\/politica\/ponta-declaratii-halucinante-despre-candidatura-lui-calin-georgescu-daca-era-lasat-sa-candideze-se-desfiinta-statul-roman_67d3c990eb020c08f94ed022\" target=\"_blank\">C\u0103lin Georgescu <\/a>la alegerile preziden\u021biale.\u00a0<\/p>\n<p>\u201dDac\u0103 rom\u00e2nii l-au ales pe C\u0103lin Georgescu, de ce ne amestec\u0103m \u0219i de ce \u00eel oprim? Asta nu are nimic de-a face cu democra\u021bia. Mul\u021bumesc.<\/p>\n<p>Rom\u00e2nia l-a blocat pe C\u0103lin Georgescu, a\u0219a cum tocmai a subliniat colega mea. Acest lucru este f\u0103r\u0103 precedent \u00een statele membre ale UE. Doamnelor \u0219i domnilor, dac\u0103 democra\u021bia afecteaz\u0103 schimbarea, acesta este singurul motiv pentru a avea o democra\u021bie, asta \u00eenseamn\u0103 schimbare. Dar acum, oamenii nu pot s\u0103 voteze pe cine vor. Candidatul pe care nu \u00eel plac, pur \u0219i simplu \u00eel interzic sau \u00eel bag\u0103 la \u00eenchisoare.<\/p>\n<p>Nu putem, ca democra\u021bi, nu putem s\u0103 accept\u0103m acest lucru. Comisia European\u0103 spune c\u0103 \u00eentr-o demonstra\u021bie s\u0103n\u0103toas\u0103, cet\u0103\u021benii \u00ee\u0219i pot alege liber liderul.<\/p>\n<p>Dac\u0103 poporul rom\u00e2n \u00eel alege pe C\u0103lin Georgescu, de ce ne amestec\u0103 \u0219i de ce s\u0103 oprim acest lucru? Asta nu are nimic de-a face cu democra\u021bia, trebuie s\u0103 avem o dezbatere pe aceast\u0103 tem\u0103 pentru a reveni, v\u0103 cer un vot pentru acest\u0103 propunere\u201d, a declarat Christine Anderson, \u00een plenul Parlamentului European.\u00a0<\/p>","protected":false},"excerpt":{"rendered":"<p>Christine Anderson, europarlamentar AFD, a dezv\u0103luit \u00een plenul Palamentului European de ce a fost blocat\u0103&hellip;<\/p>\n","protected":false},"author":0,"featured_media":39414,"comment_status":"open","ping_status":"open","sticky":false,"template":"","format":"standard","meta":{"footnotes":""},"categories":[2],"tags":[],"class_list":["post-39426","post","type-post","status-publish","format-standard","has-post-thumbnail","hentry","category-actual"],"_links":{"self":[{"href":"https:\/\/247stiri.ro\/index.php\/wp-json\/wp\/v2\/posts\/39426","targetHints":{"allow":["GET"]}}],"collection":[{"href":"https:\/\/247stiri.ro\/index.php\/wp-json\/wp\/v2\/posts"}],"about":[{"href":"https:\/\/247stiri.ro\/index.php\/wp-json\/wp\/v2\/types\/post"}],"replies":[{"embeddable":true,"href":"https:\/\/247stiri.ro\/index.php\/wp-json\/wp\/v2\/comments?post=39426"}],"version-history":[{"count":0,"href":"https:\/\/247stiri.ro\/index.php\/wp-json\/wp\/v2\/posts\/39426\/revisions"}],"wp:featuredmedia":[{"embeddable":true,"href":"https:\/\/247stiri.ro\/index.php\/wp-json\/wp\/v2\/media\/39414"}],"wp:attachment":[{"href":"https:\/\/247stiri.ro\/index.php\/wp-json\/wp\/v2\/media?parent=39426"}],"wp:term":[{"taxonomy":"category","embeddable":true,"href":"https:\/\/247stiri.ro\/index.php\/wp-json\/wp\/v2\/categories?post=39426"},{"taxonomy":"post_tag","embeddable":true,"href":"https:\/\/247stiri.ro\/index.php\/wp-json\/wp\/v2\/tags?post=39426"}],"curies":[{"name":"wp","href":"https:\/\/api.w.org\/{rel}","templated":true}]}}