{"id":39442,"date":"2025-03-14T10:45:12","date_gmt":"2025-03-14T10:45:12","guid":{"rendered":"https:\/\/247stiri.ro\/index.php\/2025\/03\/14\/gheorghe-iancu-fost-avocat-al-poporului-despre-blocarea-candidaturii-lui-calin-georgescu-decizia-ccr-este-ridicola\/"},"modified":"2025-03-14T10:45:12","modified_gmt":"2025-03-14T10:45:12","slug":"gheorghe-iancu-fost-avocat-al-poporului-despre-blocarea-candidaturii-lui-calin-georgescu-decizia-ccr-este-ridicola","status":"publish","type":"post","link":"https:\/\/247stiri.ro\/index.php\/2025\/03\/14\/gheorghe-iancu-fost-avocat-al-poporului-despre-blocarea-candidaturii-lui-calin-georgescu-decizia-ccr-este-ridicola\/","title":{"rendered":"Gheorghe Iancu, fost Avocat al Poporului, despre blocarea candidaturii lui C\u0103lin Georgescu: \u201dDecizia CCR este ridicol\u0103\u201d"},"content":{"rendered":"<p>,,Nu a motivat ceea ce voia s\u0103 motiveze \u0219i pur \u0219i simplu a devenit ridicol. Decizia asta este ridicol\u0103. Eu nu m\u0103 refer \u00een mod special la C\u0103lin Georgescu, nu \u00eel cunosc. Eu m\u0103 refer numai la CCR \u0219i v\u0103 spun c\u0103 nu au motive \u0219i nu au avut motive. Or avea ceva motive, nu \u0219tiu, pe care nu le \u0219tiu eu \u0219i le \u0219tiu numai ei. Le dau ideea sau p\u0103rerea c\u0103 ar putea s\u0103 existe motive pe care CCR nu le-au r\u0103sp\u00e2ndit \u00een public.<\/p>\n<p>Bine\u00een\u021beles c\u0103 nu mai poate candida, pentru c\u0103 o astfel de instituie m\u0103rea\u021b\u0103 o spune, da\u021bi-mi voie s\u0103 cred a\u0219a ceva, pentru c\u0103 sunt profesor de drept constitu\u021bional, m-am \u00eentrebat unde este constitu\u021bionalul \u00een toat\u0103 polologhia asta de opinii. Eu \u0219tiu cine le-a dat, chiar dac\u0103 nu a fost prezent atunci acolo. CCR e \u00eenfiin\u021bat\u0103 de mine \u0219i \u0219tiu cine lucreaz\u0103 \u0219i cine face hot\u0103r\u00e2ri din astea. Aceste hot\u0103r\u00e2ri nu au nicio valoare. Nu sunt motivate. Nu exist\u0103 motiva\u021bie \u00een deciziile astea. De aceea nu vreau s\u0103 intru \u00een am\u0103nunte, pentru c\u0103 am\u0103nuntele sunt ni\u0219te argumente ale unora ca s\u0103 foloseasc\u0103 deciziile. S\u0103 \u0219ti\u021bi c\u0103 nu to\u021bi judec\u0103torii sunt de aceea\u0219i \u021beap\u0103, dar dac\u0103 majoritatea de acolo dintre cei 9 spun \u00eentr-un fel, aia este pentru toat\u0103 lumea&#8221;, a declarat fostul avocat al poporului, Gheorghe Iancu, la Realitatea PLUS.<\/p>","protected":false},"excerpt":{"rendered":"<p>,,Nu a motivat ceea ce voia s\u0103 motiveze \u0219i pur \u0219i simplu a devenit ridicol.&hellip;<\/p>\n","protected":false},"author":0,"featured_media":39437,"comment_status":"open","ping_status":"open","sticky":false,"template":"","format":"standard","meta":{"footnotes":""},"categories":[2],"tags":[],"class_list":["post-39442","post","type-post","status-publish","format-standard","has-post-thumbnail","hentry","category-actual"],"_links":{"self":[{"href":"https:\/\/247stiri.ro\/index.php\/wp-json\/wp\/v2\/posts\/39442","targetHints":{"allow":["GET"]}}],"collection":[{"href":"https:\/\/247stiri.ro\/index.php\/wp-json\/wp\/v2\/posts"}],"about":[{"href":"https:\/\/247stiri.ro\/index.php\/wp-json\/wp\/v2\/types\/post"}],"replies":[{"embeddable":true,"href":"https:\/\/247stiri.ro\/index.php\/wp-json\/wp\/v2\/comments?post=39442"}],"version-history":[{"count":0,"href":"https:\/\/247stiri.ro\/index.php\/wp-json\/wp\/v2\/posts\/39442\/revisions"}],"wp:featuredmedia":[{"embeddable":true,"href":"https:\/\/247stiri.ro\/index.php\/wp-json\/wp\/v2\/media\/39437"}],"wp:attachment":[{"href":"https:\/\/247stiri.ro\/index.php\/wp-json\/wp\/v2\/media?parent=39442"}],"wp:term":[{"taxonomy":"category","embeddable":true,"href":"https:\/\/247stiri.ro\/index.php\/wp-json\/wp\/v2\/categories?post=39442"},{"taxonomy":"post_tag","embeddable":true,"href":"https:\/\/247stiri.ro\/index.php\/wp-json\/wp\/v2\/tags?post=39442"}],"curies":[{"name":"wp","href":"https:\/\/api.w.org\/{rel}","templated":true}]}}