{"id":39452,"date":"2025-03-14T10:45:15","date_gmt":"2025-03-14T10:45:15","guid":{"rendered":"https:\/\/247stiri.ro\/index.php\/2025\/03\/14\/motivarea-judecatorilor-ccr-in-cazul-lui-calin-georgescu-de-ce-nu-i-au-permis-sa-candideze-la-alegerile-prezidentiale-din-luna-mai-document\/"},"modified":"2025-03-14T10:45:15","modified_gmt":"2025-03-14T10:45:15","slug":"motivarea-judecatorilor-ccr-in-cazul-lui-calin-georgescu-de-ce-nu-i-au-permis-sa-candideze-la-alegerile-prezidentiale-din-luna-mai-document","status":"publish","type":"post","link":"https:\/\/247stiri.ro\/index.php\/2025\/03\/14\/motivarea-judecatorilor-ccr-in-cazul-lui-calin-georgescu-de-ce-nu-i-au-permis-sa-candideze-la-alegerile-prezidentiale-din-luna-mai-document\/","title":{"rendered":"Motivarea judec\u0103torilor CCR \u00een cazul lui C\u0103lin Georgescu: de ce nu i-au permis s\u0103 candideze la alegerile preziden\u021biale din luna mai  &#8211; DOCUMENT"},"content":{"rendered":"<p>Din analiza de p\u00e2n\u0103 acum a documentului-bomb\u0103 venit de la CCR, cei 9 judec\u0103tori nu au f\u0103cut altceva dec\u00e2t s\u0103 avizeze hot\u0103r\u00e2rea BEC.\u00a0<\/p>\n<p>Ba chiar spune la un moment dat c\u0103 &#8222;aceast\u0103 Curte Constitu\u021bional\u0103 a fost de acord cu interpretarea Biroului Electoral Central&#8221;, cel care nu a f\u0103cut altceva dec\u00e2t s\u0103 aplice, printr-un ra\u021bionament propriu, prevederile constitu\u021bionale.\u00a0<\/p>\n<p>De asemenea, se invoc\u0103 \u0219i cazul Dianei \u0218o\u0219oac\u0103 \u00een motivarea pe care o prezint\u0103 CCR.\u00a0<\/p>\n<p>Cu privire la valorificarea \u00een timp a anumitor atitudini, conduite sau lu\u0103ri de pozi\u021bie contrare principiilor \u0219i valorilor constitu\u021bionale, Curtea spune c\u0103 \u00eenc\u0103lcarea acestora NU conduce la o sanc\u021biune pentru o persoan\u0103 de a mai fi aleas\u0103 \u00een func\u021bia de pre\u0219edinte al Rom\u00e2niei. Deci nu aici a fost problema pe care a semnalat-o CCR sau nu vrea sa generalizeze cazul Georgescu la toate celelalte cazuri, ci aspectele se analizeaz\u0103 de la o situa\u021bie la alta, mai explic\u0103 CCR.\u00a0<\/p>\n<p>Magistra\u021bii de la CCR mai spun c\u0103 a fost o critic\u0103 venit\u0103 din partea ap\u0103r\u0103rii lui C\u0103lin Georgescu, c\u0103 nu i s-a recunoscut dreptul la ap\u0103rare \u0219i nu a putut s\u0103-\u0219i exprime punctul devedre \u00een procedura BEC \u0219i \u00een fa\u021ba CCR. Ace\u0219tia spun, de asemenea, c\u0103 aceast\u0103 procedur\u0103 este una expres potrivit legii. Deci nu presupune c\u0103 o persoan\u0103 care este judecat\u0103 \u00een aceast\u0103 manier\u0103 s\u0103 \u0219i voie s\u0103 se prezinte undeva s\u0103-\u0219i sus\u021bin\u0103 punctul de vedre, dar poate s\u0103 o fac\u0103 \u00een scris.\u00a0<\/p>\n<p>De altfel, CCR explic\u0103 faptul c\u0103 a informat public candidatul, adic\u0103 pe C\u0103lin Georgescu, cu privire la faptul c\u0103 poate depune \u00een orice moment, \u00een termenul legal, un punct de vedere fa\u021b\u0103 de cele spuse.\u00a0<\/p>\n<p>Red\u0103m pasaje din motivare<\/p>\n<p>&#8222;BEC nu a f\u0103cut altceva dec\u00e2t s\u0103 aplice, printr-un ra\u021bionament propriu, prevederile constitu\u021bionale \u0219i considerentele interpretative de principiu ale Hot\u0103r\u00e2rii nr.2 din 5 octombrie 2024 \u00een situa\u021bia particular\u0103 pe care a avut-o de analizat, ceea ce a condus la concluzia BEC potrivit c\u0103reia domnul C\u0103lin Georgescu nu \u00eendepline\u0219te condi\u021biile de eligibilitate generale stabilite \u00een titlul I din Constitu\u021bie. BEC a realizat, astfel, o individualizare \u0219i o aplicare a considerentelor generale, abstracte \u0219i de principiu rezultate din jurispruden\u021ba Cur\u021bii Constitu\u021bionale, f\u0103r\u0103 a prelua \u0219i translata constat\u0103rile18 factuale ale Cur\u021bii Constitu\u021bionale din Hot\u0103r\u00e2rea nr.2 din 5 octombrie 2024 care priveau strict situa\u021bia doamnei Diana Iovanovici-\u0218o\u0219oac\u0103&#8221;.<\/p>\n<p>&#8222;Cu privire la aspectul referitor la valorificarea \u00een timp a anumitor atitudini\/conduite\/lu\u0103ri de pozi\u021bie contrare principiilor \u0219i valorilor constitu\u021bionale, Curtea subliniaz\u0103 c\u0103 \u00eenc\u0103lcarea acestora nu conduce la o sanc\u021bionare perpetu\u0103 a persoanei prin prisma dreptului de a fi ales \u00een func\u021bia de Pre\u0219edinte al Rom\u00e2niei. Aceste aspecte se analizeaz\u0103 de la caz la caz \u0219i au o anumit\u0103 temporalitate raportat\u0103 la ciclicitatea alegerilor \u0219i la evaluarea respect\u0103rii de c\u0103tre candida\u021bi a principiilor \u0219i valorilor constitu\u021bionale&#8221;.\u00a0<\/p>\n<p>Sursa: Motivarea CCR\u00a0<\/p>\n<p>\u00centregul document poate fi consultat mai jos. <\/p>","protected":false},"excerpt":{"rendered":"<p>Din analiza de p\u00e2n\u0103 acum a documentului-bomb\u0103 venit de la CCR, cei 9 judec\u0103tori nu&hellip;<\/p>\n","protected":false},"author":0,"featured_media":39441,"comment_status":"open","ping_status":"open","sticky":false,"template":"","format":"standard","meta":{"footnotes":""},"categories":[2],"tags":[],"class_list":["post-39452","post","type-post","status-publish","format-standard","has-post-thumbnail","hentry","category-actual"],"_links":{"self":[{"href":"https:\/\/247stiri.ro\/index.php\/wp-json\/wp\/v2\/posts\/39452","targetHints":{"allow":["GET"]}}],"collection":[{"href":"https:\/\/247stiri.ro\/index.php\/wp-json\/wp\/v2\/posts"}],"about":[{"href":"https:\/\/247stiri.ro\/index.php\/wp-json\/wp\/v2\/types\/post"}],"replies":[{"embeddable":true,"href":"https:\/\/247stiri.ro\/index.php\/wp-json\/wp\/v2\/comments?post=39452"}],"version-history":[{"count":0,"href":"https:\/\/247stiri.ro\/index.php\/wp-json\/wp\/v2\/posts\/39452\/revisions"}],"wp:featuredmedia":[{"embeddable":true,"href":"https:\/\/247stiri.ro\/index.php\/wp-json\/wp\/v2\/media\/39441"}],"wp:attachment":[{"href":"https:\/\/247stiri.ro\/index.php\/wp-json\/wp\/v2\/media?parent=39452"}],"wp:term":[{"taxonomy":"category","embeddable":true,"href":"https:\/\/247stiri.ro\/index.php\/wp-json\/wp\/v2\/categories?post=39452"},{"taxonomy":"post_tag","embeddable":true,"href":"https:\/\/247stiri.ro\/index.php\/wp-json\/wp\/v2\/tags?post=39452"}],"curies":[{"name":"wp","href":"https:\/\/api.w.org\/{rel}","templated":true}]}}