{"id":39454,"date":"2025-03-14T10:45:15","date_gmt":"2025-03-14T10:45:15","guid":{"rendered":"https:\/\/247stiri.ro\/index.php\/2025\/03\/14\/bataie-generalizata-la-un-liceu-din-campina-cinci-eleve-s-au-luat-la-pumni-de-la-ce-a-plecat-totul-video\/"},"modified":"2025-03-14T10:45:15","modified_gmt":"2025-03-14T10:45:15","slug":"bataie-generalizata-la-un-liceu-din-campina-cinci-eleve-s-au-luat-la-pumni-de-la-ce-a-plecat-totul-video","status":"publish","type":"post","link":"https:\/\/247stiri.ro\/index.php\/2025\/03\/14\/bataie-generalizata-la-un-liceu-din-campina-cinci-eleve-s-au-luat-la-pumni-de-la-ce-a-plecat-totul-video\/","title":{"rendered":"B\u0103taie generalizat\u0103 la un liceu din C\u00e2mpina. Cinci eleve s-au luat la pumni. De la ce a plecat totul VIDEO"},"content":{"rendered":"<p>\u00centreaga scen\u0103 a fost filmat\u0103. \u00cen imagini se vede cum agentul de paz\u0103 \u0219i femeia de serviciu au \u00eencercat s\u0103 le despart\u0103 pe fete, dar agentul a fost la r\u00e2ndul lui lovit.<\/p>\n<p>Conducerea liceului a sesizat Poli\u021bia care a deschis o anchet\u0103.<\/p>\n<p>\u201dPoli\u021bi\u0219tii din cadrul Poli\u021biei Municipiului C\u00e2mpina au fost sesiza\u021bi, de c\u0103tre un profesor al unei unit\u0103\u021bi de \u00eenv\u0103\u021b\u0103m\u00e2nt din municipiul C\u00e2mpina, la data de 13 martie a.c., \u00een jurul orei 12.45,\u00a0 despre faptul c\u0103 a avut loc un conflict \u00eentre 5 eleve ale unit\u0103\u0163ii de \u00eenv\u0103\u0163\u0103m\u00e2nt.<\/p>\n<p>Cu ocazia deplas\u0103rii la fa\u021ba locului \u0219i a primelor verific\u0103ri efectuate, s-a stabilit faptul c\u0103 pe fondul unei discu\u0163ii contradictorii, referitoare la \u0163inuta vestimentar\u0103, \u00eentre 5 eleve cu v\u00e2rste cuprinse \u00eentre 15 \u0219i 17 ani, ar fi izbucnit un conflict.<\/p>\n<p>Ulterior, conflictul a degenerat, trei dintre elevele implicate lovindu-le cu pumnii \u0219i picioarele pe celelalte dou\u0103 eleve.<\/p>\n<p>Tinerele nu au solicitat \u00eengrijiri medicale la fa\u021ba locului sau transportarea la unitatea medical\u0103.<\/p>\n<p>Imagini cu b\u0103taia la finalul articolului<\/p>\n<p>\u00cen conformitate cu prevederile Legii 26\/2024 \u0219i ale Ordinului MAI 138\/2024, s-au \u00eentocmit procese-verbale din care reiese c\u0103 tinerele agresate nu doresc completarea formularului de evaluare a riscului, fiindu-le \u00eenm\u00e2nat modelul de cerere c\u0103tre instan\u021ba de judecat\u0103.<\/p>\n<p>De asemenea, \u00een prezen\u021ba p\u0103rin\u021bilor, minorele au declarat c\u0103 \u00ee\u0219i rezerv\u0103 dreptul de a formula pl\u00e2ngere cu privire la aspectele petrecute.<\/p>\n<p>Situa\u021bia conflictual\u0103 va fi monitorizat\u0103 de poli\u021bi\u0219tii din cadrul Poli\u021biei municipiului C\u00e2mpina.<\/p>\n<p>\u00cen cauz\u0103, poli\u021bi\u0219tii continu\u0103 cercet\u0103rile pentru stabilirea tuturor cauzelor \u0219i \u00eemprejur\u0103rilor \u00een care a avut loc alterca\u021bia, \u00een cadrul unui dosar penal deschis sub aspectul s\u0103v\u00e2r\u0219irii infrac\u021biunii de lovirea sau alte violen\u021be.\u201d, a transmis Poli\u021bia Prahova.<\/p>","protected":false},"excerpt":{"rendered":"<p>\u00centreaga scen\u0103 a fost filmat\u0103. \u00cen imagini se vede cum agentul de paz\u0103 \u0219i femeia&hellip;<\/p>\n","protected":false},"author":0,"featured_media":39455,"comment_status":"open","ping_status":"open","sticky":false,"template":"","format":"standard","meta":{"footnotes":""},"categories":[2],"tags":[],"class_list":["post-39454","post","type-post","status-publish","format-standard","has-post-thumbnail","hentry","category-actual"],"_links":{"self":[{"href":"https:\/\/247stiri.ro\/index.php\/wp-json\/wp\/v2\/posts\/39454","targetHints":{"allow":["GET"]}}],"collection":[{"href":"https:\/\/247stiri.ro\/index.php\/wp-json\/wp\/v2\/posts"}],"about":[{"href":"https:\/\/247stiri.ro\/index.php\/wp-json\/wp\/v2\/types\/post"}],"replies":[{"embeddable":true,"href":"https:\/\/247stiri.ro\/index.php\/wp-json\/wp\/v2\/comments?post=39454"}],"version-history":[{"count":0,"href":"https:\/\/247stiri.ro\/index.php\/wp-json\/wp\/v2\/posts\/39454\/revisions"}],"wp:featuredmedia":[{"embeddable":true,"href":"https:\/\/247stiri.ro\/index.php\/wp-json\/wp\/v2\/media\/39455"}],"wp:attachment":[{"href":"https:\/\/247stiri.ro\/index.php\/wp-json\/wp\/v2\/media?parent=39454"}],"wp:term":[{"taxonomy":"category","embeddable":true,"href":"https:\/\/247stiri.ro\/index.php\/wp-json\/wp\/v2\/categories?post=39454"},{"taxonomy":"post_tag","embeddable":true,"href":"https:\/\/247stiri.ro\/index.php\/wp-json\/wp\/v2\/tags?post=39454"}],"curies":[{"name":"wp","href":"https:\/\/api.w.org\/{rel}","templated":true}]}}