{"id":39464,"date":"2025-03-14T11:46:29","date_gmt":"2025-03-14T11:46:29","guid":{"rendered":"https:\/\/247stiri.ro\/index.php\/2025\/03\/14\/sorin-rosca-stanescu-declaratie-exploziva-victor-ponta-este-in-spatele-atacurilor-murdare-la-adresa-suveranistilor\/"},"modified":"2025-03-14T11:46:29","modified_gmt":"2025-03-14T11:46:29","slug":"sorin-rosca-stanescu-declaratie-exploziva-victor-ponta-este-in-spatele-atacurilor-murdare-la-adresa-suveranistilor","status":"publish","type":"post","link":"https:\/\/247stiri.ro\/index.php\/2025\/03\/14\/sorin-rosca-stanescu-declaratie-exploziva-victor-ponta-este-in-spatele-atacurilor-murdare-la-adresa-suveranistilor\/","title":{"rendered":"Sorin Ro\u0219ca St\u0103nescu, declara\u021bie exploziv\u0103: Victor Ponta este \u00een spatele ATACURILOR murdare la adresa suverani\u0219tilor"},"content":{"rendered":"<p>&#8222;Victor Ponta este principalul autor-\u00a0 omul care st\u0103 \u00een spatele atacurilor murdare dezl\u0103n\u021buite \u00eempotriva Anc\u0103i Alexandrescu.<\/p>\n<p>Victor Ponta ne coordoneaz\u0103, pentru c\u0103 dac\u0103 o decredibilizeaz\u0103 pe Anca Alexandrescu se autocredibilizeaza pe el ca exponent al suveranismului, ceea ce este absolut aberant. De unde \u0219i p\u00e2n\u0103 unde Victor Ponta s\u0103 devin\u0103 un activist suveranist?! Asta inten\u021bioneaz\u0103, asta face. Din p\u0103cate, \u0219i asta e foarte ur\u00e2t, o face prin intermediul unor colegi jurnali\u0219tilor care se preteaz\u0103 la aceast\u0103 mizerie, de a o ataca pe sub centur\u0103 \u0219i \u00een mod absolut necuvenit pe Anca Alexandrescu&#8221;, a declarat Sorin Ro\u0219c\u0103 St\u0103nescu.\u00a0<\/p>","protected":false},"excerpt":{"rendered":"<p>&#8222;Victor Ponta este principalul autor-\u00a0 omul care st\u0103 \u00een spatele atacurilor murdare dezl\u0103n\u021buite \u00eempotriva Anc\u0103i&hellip;<\/p>\n","protected":false},"author":0,"featured_media":39465,"comment_status":"open","ping_status":"open","sticky":false,"template":"","format":"standard","meta":{"footnotes":""},"categories":[3],"tags":[],"class_list":["post-39464","post","type-post","status-publish","format-standard","has-post-thumbnail","hentry","category-politica"],"_links":{"self":[{"href":"https:\/\/247stiri.ro\/index.php\/wp-json\/wp\/v2\/posts\/39464","targetHints":{"allow":["GET"]}}],"collection":[{"href":"https:\/\/247stiri.ro\/index.php\/wp-json\/wp\/v2\/posts"}],"about":[{"href":"https:\/\/247stiri.ro\/index.php\/wp-json\/wp\/v2\/types\/post"}],"replies":[{"embeddable":true,"href":"https:\/\/247stiri.ro\/index.php\/wp-json\/wp\/v2\/comments?post=39464"}],"version-history":[{"count":0,"href":"https:\/\/247stiri.ro\/index.php\/wp-json\/wp\/v2\/posts\/39464\/revisions"}],"wp:featuredmedia":[{"embeddable":true,"href":"https:\/\/247stiri.ro\/index.php\/wp-json\/wp\/v2\/media\/39465"}],"wp:attachment":[{"href":"https:\/\/247stiri.ro\/index.php\/wp-json\/wp\/v2\/media?parent=39464"}],"wp:term":[{"taxonomy":"category","embeddable":true,"href":"https:\/\/247stiri.ro\/index.php\/wp-json\/wp\/v2\/categories?post=39464"},{"taxonomy":"post_tag","embeddable":true,"href":"https:\/\/247stiri.ro\/index.php\/wp-json\/wp\/v2\/tags?post=39464"}],"curies":[{"name":"wp","href":"https:\/\/api.w.org\/{rel}","templated":true}]}}