{"id":39468,"date":"2025-03-14T11:46:31","date_gmt":"2025-03-14T11:46:31","guid":{"rendered":"https:\/\/247stiri.ro\/index.php\/2025\/03\/14\/ilie-bolojan-daca-romania-trebuie-sa-amplaseze-focoase-nucleare-ca-polonia-prezenta-militara-si-planurile-de-aparare-nato-sunt-suficiente-in-momentul-de-fata\/"},"modified":"2025-03-14T11:46:31","modified_gmt":"2025-03-14T11:46:31","slug":"ilie-bolojan-daca-romania-trebuie-sa-amplaseze-focoase-nucleare-ca-polonia-prezenta-militara-si-planurile-de-aparare-nato-sunt-suficiente-in-momentul-de-fata","status":"publish","type":"post","link":"https:\/\/247stiri.ro\/index.php\/2025\/03\/14\/ilie-bolojan-daca-romania-trebuie-sa-amplaseze-focoase-nucleare-ca-polonia-prezenta-militara-si-planurile-de-aparare-nato-sunt-suficiente-in-momentul-de-fata\/","title":{"rendered":"Ilie Bolojan, dac\u0103 Rom\u00e2nia trebuie s\u0103 amplaseze focoase nucleare, ca Polonia: \u201dPrezen\u0163a militar\u0103 \u0219i planurile de ap\u0103rare NATO sunt suficiente \u00een momentul de fa\u0163\u0103\u201d"},"content":{"rendered":"<p>Ilie Bolojan a fost \u00eentrebat, vineri, \u00eentr-o conferin\u0163\u0103 de pres\u0103, dac\u0103 Rom\u00e2nia ar trebui s\u0103 cear\u0103 administra\u0163iei americane amplasarea de focoase nucleare \u00een \u0163ara noastr\u0103, dup\u0103 modelul Polniei \u015fi a afirmat: \u201dCred c\u0103 pentru fiecare \u0163ar\u0103 este important\u0103 securitatea \u015fi siguran\u0163a ei\u201d.<\/p>\n<p>\u201dCeea ce s-a f\u0103cut din acest punct de vedere \u00een ace\u015fti ani \u00een Rom\u00e2nia consider c\u0103 este un lucru bun. \u015ei faptul c\u0103 avem umbrela NATO deasupra noastr\u0103, c\u0103 avem bazele militare ale alia\u0163ilor americani \u015fi europeni \u00een \u0163ara noastr\u0103, sunt condi\u0163ii care ne asigur\u0103 o protec\u0163ie \u015fi asigur\u0103 o pace \u00een Rom\u00e2nia\u201d, a mai declarat Bolojan.<\/p>\n<p>Acesta crede c\u0103 \u201dorice fel de formul\u0103 prin care acest Flanc de Est al NATO este consolidat este un lucru bun\u201d.<\/p>\n<p>\u201dCel pu\u0163in \u00een situa\u0163ia de ast\u0103zi, cred c\u0103 ceea ce avem \u00een momentul de fa\u0163\u0103, prezen\u0163\u0103 militar\u0103, planuri de ap\u0103rare NATO sunt suficiente \u00een momentul de fa\u0163\u0103\u201d, a mai declarat pre\u015fedintele interimar.<\/p>","protected":false},"excerpt":{"rendered":"<p>Ilie Bolojan a fost \u00eentrebat, vineri, \u00eentr-o conferin\u0163\u0103 de pres\u0103, dac\u0103 Rom\u00e2nia ar trebui s\u0103&hellip;<\/p>\n","protected":false},"author":0,"featured_media":39461,"comment_status":"open","ping_status":"open","sticky":false,"template":"","format":"standard","meta":{"footnotes":""},"categories":[2],"tags":[],"class_list":["post-39468","post","type-post","status-publish","format-standard","has-post-thumbnail","hentry","category-actual"],"_links":{"self":[{"href":"https:\/\/247stiri.ro\/index.php\/wp-json\/wp\/v2\/posts\/39468","targetHints":{"allow":["GET"]}}],"collection":[{"href":"https:\/\/247stiri.ro\/index.php\/wp-json\/wp\/v2\/posts"}],"about":[{"href":"https:\/\/247stiri.ro\/index.php\/wp-json\/wp\/v2\/types\/post"}],"replies":[{"embeddable":true,"href":"https:\/\/247stiri.ro\/index.php\/wp-json\/wp\/v2\/comments?post=39468"}],"version-history":[{"count":0,"href":"https:\/\/247stiri.ro\/index.php\/wp-json\/wp\/v2\/posts\/39468\/revisions"}],"wp:featuredmedia":[{"embeddable":true,"href":"https:\/\/247stiri.ro\/index.php\/wp-json\/wp\/v2\/media\/39461"}],"wp:attachment":[{"href":"https:\/\/247stiri.ro\/index.php\/wp-json\/wp\/v2\/media?parent=39468"}],"wp:term":[{"taxonomy":"category","embeddable":true,"href":"https:\/\/247stiri.ro\/index.php\/wp-json\/wp\/v2\/categories?post=39468"},{"taxonomy":"post_tag","embeddable":true,"href":"https:\/\/247stiri.ro\/index.php\/wp-json\/wp\/v2\/tags?post=39468"}],"curies":[{"name":"wp","href":"https:\/\/api.w.org\/{rel}","templated":true}]}}