{"id":39486,"date":"2025-03-14T12:44:58","date_gmt":"2025-03-14T12:44:58","guid":{"rendered":"https:\/\/247stiri.ro\/index.php\/2025\/03\/14\/ce-spune-bolojan-dupa-ce-ccr-a-anuntat-de-ce-nu-l-a-lasat-pe-georgescu-sa-candideze\/"},"modified":"2025-03-14T12:44:58","modified_gmt":"2025-03-14T12:44:58","slug":"ce-spune-bolojan-dupa-ce-ccr-a-anuntat-de-ce-nu-l-a-lasat-pe-georgescu-sa-candideze","status":"publish","type":"post","link":"https:\/\/247stiri.ro\/index.php\/2025\/03\/14\/ce-spune-bolojan-dupa-ce-ccr-a-anuntat-de-ce-nu-l-a-lasat-pe-georgescu-sa-candideze\/","title":{"rendered":"Ce spune Bolojan dup\u0103 ce CCR a anun\u021bat de ce nu l-a l\u0103sat pe Georgescu s\u0103 candideze"},"content":{"rendered":"<p>&#8222;Cred c\u0103 avem o decizie a Cur\u021bii Constitu\u021bionale, pe care nu putem dec\u00e2t s\u0103 o respect\u0103m, pentru c\u0103 altfel nu mai exist\u0103 niciun fel de ordine \u00eentr-un stat.\u00a0<\/p>\n<p>\u00cen condi\u021bii, sigur, ideale, este bine ca oricine dore\u0219te s\u0103 candideze s\u0103 poat\u0103 candida, \u00een a\u0219a fel \u00eenc\u00e2t cet\u0103\u021benii s\u0103 poat\u0103 s\u0103 aleag\u0103 pe cine doresc.\u00a0<\/p>\n<p>Mai avem o zi de depunere a candidaturilor. Sper ca to\u021bi cei care doresc s\u0103 candideze \u0219i respect\u0103 toate condi\u021biile \u00ee\u0219i vor depune candidatura, \u00een a\u0219a fel \u00eenc\u00e2t, \u00een urm\u0103toarele dou\u0103 luni, organiz\u00e2nd corect, transparent alegerile, s\u0103 avem dezbateri politice, s\u0103 avem prezentare de programe, \u00een a\u0219a fel \u00eenc\u00e2t rom\u00e2nii s\u0103 poat\u0103 s\u0103 \u00ee\u0219i aleag\u0103 liber pre\u0219edintele \u0219i s\u0103 avem un nou \u00eenceput din luna mai&#8221;, a precizat Ilie Bolojan, \u00een cadrul unei conferin\u021be de pres\u0103 sus\u021binute la Palatul Cotroceni.\u00a0<\/p>","protected":false},"excerpt":{"rendered":"<p>&#8222;Cred c\u0103 avem o decizie a Cur\u021bii Constitu\u021bionale, pe care nu putem dec\u00e2t s\u0103 o&hellip;<\/p>\n","protected":false},"author":0,"featured_media":39487,"comment_status":"open","ping_status":"open","sticky":false,"template":"","format":"standard","meta":{"footnotes":""},"categories":[3],"tags":[],"class_list":["post-39486","post","type-post","status-publish","format-standard","has-post-thumbnail","hentry","category-politica"],"_links":{"self":[{"href":"https:\/\/247stiri.ro\/index.php\/wp-json\/wp\/v2\/posts\/39486","targetHints":{"allow":["GET"]}}],"collection":[{"href":"https:\/\/247stiri.ro\/index.php\/wp-json\/wp\/v2\/posts"}],"about":[{"href":"https:\/\/247stiri.ro\/index.php\/wp-json\/wp\/v2\/types\/post"}],"replies":[{"embeddable":true,"href":"https:\/\/247stiri.ro\/index.php\/wp-json\/wp\/v2\/comments?post=39486"}],"version-history":[{"count":0,"href":"https:\/\/247stiri.ro\/index.php\/wp-json\/wp\/v2\/posts\/39486\/revisions"}],"wp:featuredmedia":[{"embeddable":true,"href":"https:\/\/247stiri.ro\/index.php\/wp-json\/wp\/v2\/media\/39487"}],"wp:attachment":[{"href":"https:\/\/247stiri.ro\/index.php\/wp-json\/wp\/v2\/media?parent=39486"}],"wp:term":[{"taxonomy":"category","embeddable":true,"href":"https:\/\/247stiri.ro\/index.php\/wp-json\/wp\/v2\/categories?post=39486"},{"taxonomy":"post_tag","embeddable":true,"href":"https:\/\/247stiri.ro\/index.php\/wp-json\/wp\/v2\/tags?post=39486"}],"curies":[{"name":"wp","href":"https:\/\/api.w.org\/{rel}","templated":true}]}}