{"id":39490,"date":"2025-03-14T12:44:59","date_gmt":"2025-03-14T12:44:59","guid":{"rendered":"https:\/\/247stiri.ro\/index.php\/2025\/03\/14\/termenul-pentru-depunerea-candidaturii-la-bec-expirma-pe-15-martie-la-ora-24-00-cine-sunt-candidatii-inscrisi-pana-acum-in-cursa-prezidentiala\/"},"modified":"2025-03-14T12:44:59","modified_gmt":"2025-03-14T12:44:59","slug":"termenul-pentru-depunerea-candidaturii-la-bec-expirma-pe-15-martie-la-ora-24-00-cine-sunt-candidatii-inscrisi-pana-acum-in-cursa-prezidentiala","status":"publish","type":"post","link":"https:\/\/247stiri.ro\/index.php\/2025\/03\/14\/termenul-pentru-depunerea-candidaturii-la-bec-expirma-pe-15-martie-la-ora-24-00-cine-sunt-candidatii-inscrisi-pana-acum-in-cursa-prezidentiala\/","title":{"rendered":"Termenul pentru depunerea candidaturii la BEC expirm\u0103 pe 15 martie, la ora 24.00. Cine sunt candida\u021bii \u00eenscri\u0219i p\u00e2n\u0103 acum \u00een cursa preziden\u021bial\u0103"},"content":{"rendered":"<p>P\u00e2n\u0103 \u00een prezent, BEC a decis \u00eenregistrarea candidaturile lui Nicu\u0219or Dan (independent) \u0219i a lui Crin Antonescu &#8211; din partea Alian\u021ba Rom\u00e2nia \u00cenainte, compus\u0103 din PSD-PNL \u0219i UDMR.<\/p>\n<p>\u00cen cursul zilei de ast\u0103zi, de la ora 15.00, urmeaz\u0103 s\u0103-\u0219i depun\u0103 candidatura liderul suverani\u0219tilor <a href=\"https:\/\/www.realitatea.net\/stiri\/politica\/george-simion-isi-depune-astazi-candidatura-la-bec_67d3ba9b94f34a19fc44e1e6\" target=\"_blank\">George Simion (AUR)<\/a>, iar s\u00e2mb\u0103t\u0103, de la ora 15.00, Ana Maria Gavril\u0103. Lidera POT reprezint\u0103, de asemenea, mi\u0219carea suveranist\u0103 din Rom\u00e2nia.\u00a0Pe de alt\u0103 parte, BEC urmeaz\u0103 s\u0103 se pronun\u021be asupra \u00eenregistr\u0103rii candidaturilor lui Victor Ponta (independent), Elenei Lasconi (USR), Dianei \u0218o\u0219oac\u0103 (S.O.S. Rom\u00e2nia) \u0219i Cristian Terhe\u0219 (Partidul Na\u021bional Conservator din Rom\u00e2nia).La \u00eenceputul acestei s\u0103pt\u0103m\u00e2ni, BEC a respina candidatura lui C\u0103lin Georgescu (independent) la pre\u0219edin\u021bia Rom\u00e2niei. Ulterior, CCR a vizat decizia BBC de invalidare a candidaturii lui Georgescu, candidatul favorit \u00een cursa pentru preziden\u021biale \u0219i, totodat\u0103, c\u00e2\u0219tig\u0103torul turului 1 al scrutinului din 2024.\u00a0BEC a respins \u0219i \u00eenregistrarea candidaturilor lui Petru M\u00eendru, Maria Marcu (de dou\u0103 ori) \u0219i Ion Popa, ca independen\u021bi, pe motiv c\u0103 dosarele au fost incomplete.<\/p>","protected":false},"excerpt":{"rendered":"<p>P\u00e2n\u0103 \u00een prezent, BEC a decis \u00eenregistrarea candidaturile lui Nicu\u0219or Dan (independent) \u0219i a lui&hellip;<\/p>\n","protected":false},"author":0,"featured_media":39491,"comment_status":"open","ping_status":"open","sticky":false,"template":"","format":"standard","meta":{"footnotes":""},"categories":[3],"tags":[],"class_list":["post-39490","post","type-post","status-publish","format-standard","has-post-thumbnail","hentry","category-politica"],"_links":{"self":[{"href":"https:\/\/247stiri.ro\/index.php\/wp-json\/wp\/v2\/posts\/39490","targetHints":{"allow":["GET"]}}],"collection":[{"href":"https:\/\/247stiri.ro\/index.php\/wp-json\/wp\/v2\/posts"}],"about":[{"href":"https:\/\/247stiri.ro\/index.php\/wp-json\/wp\/v2\/types\/post"}],"replies":[{"embeddable":true,"href":"https:\/\/247stiri.ro\/index.php\/wp-json\/wp\/v2\/comments?post=39490"}],"version-history":[{"count":0,"href":"https:\/\/247stiri.ro\/index.php\/wp-json\/wp\/v2\/posts\/39490\/revisions"}],"wp:featuredmedia":[{"embeddable":true,"href":"https:\/\/247stiri.ro\/index.php\/wp-json\/wp\/v2\/media\/39491"}],"wp:attachment":[{"href":"https:\/\/247stiri.ro\/index.php\/wp-json\/wp\/v2\/media?parent=39490"}],"wp:term":[{"taxonomy":"category","embeddable":true,"href":"https:\/\/247stiri.ro\/index.php\/wp-json\/wp\/v2\/categories?post=39490"},{"taxonomy":"post_tag","embeddable":true,"href":"https:\/\/247stiri.ro\/index.php\/wp-json\/wp\/v2\/tags?post=39490"}],"curies":[{"name":"wp","href":"https:\/\/api.w.org\/{rel}","templated":true}]}}