{"id":39496,"date":"2025-03-14T12:45:02","date_gmt":"2025-03-14T12:45:02","guid":{"rendered":"https:\/\/247stiri.ro\/index.php\/2025\/03\/14\/ilie-bolojan-va-convoca-sedinta-csat-in-ultima-saptamana-din-martie\/"},"modified":"2025-03-14T12:45:02","modified_gmt":"2025-03-14T12:45:02","slug":"ilie-bolojan-va-convoca-sedinta-csat-in-ultima-saptamana-din-martie","status":"publish","type":"post","link":"https:\/\/247stiri.ro\/index.php\/2025\/03\/14\/ilie-bolojan-va-convoca-sedinta-csat-in-ultima-saptamana-din-martie\/","title":{"rendered":"Ilie Bolojan va convoca \u0219edin\u021ba CSAT \u00een ultima s\u0103pt\u0103m\u00e2n\u0103 din martie"},"content":{"rendered":"<p>Pre\u015fedintele interimar a fost \u00eentrebat dac\u0103 s-a stabilit data convoc\u0103rii CSAT.<\/p>\n<p>\u201dDin discu\u0163ia pe care am avut-o cu colegii care gestioneaz\u0103 aceast\u0103 problem\u0103, CSAT va fi foarte probabil convocat \u00een ultima s\u0103pt\u0103m\u00e2n\u0103 din luna martie\u201d, a spus pre\u015fedintele \u00eentr-o conferin\u0163\u0103 de pres\u0103.<\/p>\n<p>Ilie Bolojan a precizat c\u0103, \u00een acest sens, cu c\u00e2teva zile \u00eenainte de \u015fedin\u0163\u0103, va fi pus\u0103 la dispozi\u0163ie ordinea de zi, el preciz\u00e2nd c\u0103 \u00een principal sunt chestiuni care \u0163in de partea militar\u0103 \u015fi pe partea de ap\u0103rare.<\/p>","protected":false},"excerpt":{"rendered":"<p>Pre\u015fedintele interimar a fost \u00eentrebat dac\u0103 s-a stabilit data convoc\u0103rii CSAT. \u201dDin discu\u0163ia pe care&hellip;<\/p>\n","protected":false},"author":0,"featured_media":39483,"comment_status":"open","ping_status":"open","sticky":false,"template":"","format":"standard","meta":{"footnotes":""},"categories":[2],"tags":[],"class_list":["post-39496","post","type-post","status-publish","format-standard","has-post-thumbnail","hentry","category-actual"],"_links":{"self":[{"href":"https:\/\/247stiri.ro\/index.php\/wp-json\/wp\/v2\/posts\/39496","targetHints":{"allow":["GET"]}}],"collection":[{"href":"https:\/\/247stiri.ro\/index.php\/wp-json\/wp\/v2\/posts"}],"about":[{"href":"https:\/\/247stiri.ro\/index.php\/wp-json\/wp\/v2\/types\/post"}],"replies":[{"embeddable":true,"href":"https:\/\/247stiri.ro\/index.php\/wp-json\/wp\/v2\/comments?post=39496"}],"version-history":[{"count":0,"href":"https:\/\/247stiri.ro\/index.php\/wp-json\/wp\/v2\/posts\/39496\/revisions"}],"wp:featuredmedia":[{"embeddable":true,"href":"https:\/\/247stiri.ro\/index.php\/wp-json\/wp\/v2\/media\/39483"}],"wp:attachment":[{"href":"https:\/\/247stiri.ro\/index.php\/wp-json\/wp\/v2\/media?parent=39496"}],"wp:term":[{"taxonomy":"category","embeddable":true,"href":"https:\/\/247stiri.ro\/index.php\/wp-json\/wp\/v2\/categories?post=39496"},{"taxonomy":"post_tag","embeddable":true,"href":"https:\/\/247stiri.ro\/index.php\/wp-json\/wp\/v2\/tags?post=39496"}],"curies":[{"name":"wp","href":"https:\/\/api.w.org\/{rel}","templated":true}]}}