{"id":39498,"date":"2025-03-14T12:45:02","date_gmt":"2025-03-14T12:45:02","guid":{"rendered":"https:\/\/247stiri.ro\/index.php\/2025\/03\/14\/marcel-ciolacu-despre-intrarea-usr-la-guvernare-sa-vina-acum-iar-lasconi-sa-se-retraga-si-sa-il-sustina-pe-crin-antonescu-cu-smecherii-electorale-nu-functioneaza\/"},"modified":"2025-03-14T12:45:02","modified_gmt":"2025-03-14T12:45:02","slug":"marcel-ciolacu-despre-intrarea-usr-la-guvernare-sa-vina-acum-iar-lasconi-sa-se-retraga-si-sa-il-sustina-pe-crin-antonescu-cu-smecherii-electorale-nu-functioneaza","status":"publish","type":"post","link":"https:\/\/247stiri.ro\/index.php\/2025\/03\/14\/marcel-ciolacu-despre-intrarea-usr-la-guvernare-sa-vina-acum-iar-lasconi-sa-se-retraga-si-sa-il-sustina-pe-crin-antonescu-cu-smecherii-electorale-nu-functioneaza\/","title":{"rendered":"Marcel Ciolacu, despre intrarea USR la guvernare: \u201dS\u0103 vin\u0103 acum, iar Lasconi s\u0103 se retrag\u0103 \u0219i s\u0103 \u00eel sus\u021bin\u0103 pe Crin Antonescu. Cu \u0219mecherii electorale nu func\u021bioneaz\u0103\u201d"},"content":{"rendered":"<p>\u0218eful Executivului a subliniat c\u0103 nu are nicio problem\u0103 s\u0103 fac\u0103 un pas \u00eenapoi, iar dac\u0103 cineva vrea s\u0103 rup\u0103 colai\u021bia de guvernare PSD va intra \u00een opozi\u021bie.\u00a0<\/p>\n<p>\u201dCred c\u0103 am fost c\u00e2t se poate de deschis. Dac\u0103 \u00eencerc\u0103m dup\u0103 locul 4 sau locul 5 s\u0103 impunem jocul \u0219i s\u0103 uit\u0103m cine a c\u00e2\u0219tigat alegerile \u0219i cine a fost pe primul loc \u00een Rom\u00e2nia, n-am s\u0103 fiu de acord nici eu, nici colegii mei.\u00a0<\/p>\n<p>Consider c\u0103 trebuie o coali\u021bie larg\u0103, n-am nicio problem\u0103. S\u0103 intre acum \u0219i s\u0103 avem un candidat comun al tuturor for\u021belor democratice din Parlament. Dar c\u00e2t timp tu nu e\u0219ti solidar cu Guvernul, mai ales \u00eentr-o perioad\u0103 de campanie, nu pui um\u0103rul la nicio reform\u0103, ai evitat s\u0103 &#8230;te-ai extras mereu, s\u0103 fii o stru\u021bo-c\u0103mil\u0103, \u0219i la guvernare, \u0219i \u00een opozi\u021bie, nu func\u021bioneaz\u0103.<\/p>\n<p>N-a func\u021bionat niciodat\u0103. Aduce\u021bi-v\u0103 aminte de scandalurile din campania electoral\u0103 dintre mine \u0219i domnul Ciuc\u0103, c\u00e2t de mult mi-a d\u0103unat \u0219i mie \u0219i domnului Ciuc\u0103, dar mai ales rom\u00e2nilor \u0219i partidelor pe care le reprezent\u0103m. Dup\u0103 alegeri vom vedea ce vom face.\u00a0<\/p>\n<p>Dac\u0103 vor la guvernare, s\u0103 vin\u0103 acum<a href=\"https:\/\/www.realitatea.net\/stiri\/politica\/razboi-total-in-usr-lasconi-se-incaiera-cu-coliban-dupa-ce-ia-cerut-retragerea-de-la-prezidentiale_67d2c61ac0f3673afc22f722\" target=\"_blank\">. Doamna Lasconi<\/a> s\u0103 se retrag\u0103, s\u0103-l sus\u021bin\u0103 pe Crin Antonescu, candidatul unic, \u0219i eu n-am nicio problem\u0103 s\u0103 fac un pas \u00eenapoi \u0219i s\u0103 vorbesc cu colegii mei. Cu \u0219mecherii de-astea electorale, azi intr\u0103m, dar dac\u0103 tu pleci&#8230;dar dup\u0103 ce vom face noi nu \u0219tiu ce, cu mine nu func\u021bioneaz\u0103. Vrea cineva s\u0103 rup\u0103 coali\u021bia? N-am nicio problem\u0103. PSD intr\u0103 \u00een pozi\u021bie\u201d, a declarat Marcel Ciolacu.<\/p>\n<p>Reac\u021bia pre\u0219edintelui PSD a venit la numia o zi dup\u0103 ce Allen Coliban, vicepre\u0219edinte USR \u0219i fost primar al Bra\u0219ovului, i-a cerut Elenei Lasconi s\u0103 se retrag\u0103 din cursa preziden\u021bial\u0103.\u00a0<\/p>\n<p>Solicitarea vicepre\u0219edintelui USR a deranjat-o la culme pe \u0219efa rezi\u0219tilor care nu a ratat ocazia de a se victimiza.\u00a0<\/p>\n<p>\u201dEste regretabil c\u0103 exist\u0103 \u0219i astfel de p\u0103reri, mai ales \u00eentr-o campanie electoral\u0103, c\u00e2nd din punctul meu de vedere ar trebui s\u0103 fie o anumit\u0103 disciplin\u0103, a\u0219a cum se \u00eent\u00e2mpl\u0103 \u0219i \u00een celelalte partide. \u0218i c\u00e2nd spun disciplin\u0103, nu \u00eenseamn\u0103 armat\u0103, \u00eenseamn\u0103 respect fa\u021b\u0103 de vot\u201d, a spus Lasconi.\u00a0<\/p>","protected":false},"excerpt":{"rendered":"<p>\u0218eful Executivului a subliniat c\u0103 nu are nicio problem\u0103 s\u0103 fac\u0103 un pas \u00eenapoi, iar&hellip;<\/p>\n","protected":false},"author":0,"featured_media":39485,"comment_status":"open","ping_status":"open","sticky":false,"template":"","format":"standard","meta":{"footnotes":""},"categories":[2],"tags":[],"class_list":["post-39498","post","type-post","status-publish","format-standard","has-post-thumbnail","hentry","category-actual"],"_links":{"self":[{"href":"https:\/\/247stiri.ro\/index.php\/wp-json\/wp\/v2\/posts\/39498","targetHints":{"allow":["GET"]}}],"collection":[{"href":"https:\/\/247stiri.ro\/index.php\/wp-json\/wp\/v2\/posts"}],"about":[{"href":"https:\/\/247stiri.ro\/index.php\/wp-json\/wp\/v2\/types\/post"}],"replies":[{"embeddable":true,"href":"https:\/\/247stiri.ro\/index.php\/wp-json\/wp\/v2\/comments?post=39498"}],"version-history":[{"count":0,"href":"https:\/\/247stiri.ro\/index.php\/wp-json\/wp\/v2\/posts\/39498\/revisions"}],"wp:featuredmedia":[{"embeddable":true,"href":"https:\/\/247stiri.ro\/index.php\/wp-json\/wp\/v2\/media\/39485"}],"wp:attachment":[{"href":"https:\/\/247stiri.ro\/index.php\/wp-json\/wp\/v2\/media?parent=39498"}],"wp:term":[{"taxonomy":"category","embeddable":true,"href":"https:\/\/247stiri.ro\/index.php\/wp-json\/wp\/v2\/categories?post=39498"},{"taxonomy":"post_tag","embeddable":true,"href":"https:\/\/247stiri.ro\/index.php\/wp-json\/wp\/v2\/tags?post=39498"}],"curies":[{"name":"wp","href":"https:\/\/api.w.org\/{rel}","templated":true}]}}