{"id":39525,"date":"2025-03-14T13:46:05","date_gmt":"2025-03-14T13:46:05","guid":{"rendered":"https:\/\/247stiri.ro\/index.php\/2025\/03\/14\/marcel-ciolacu-asigura-ca-romania-nu-va-trimite-trupe-in-ucraina-si-ca-nu-vom-intra-in-razboi\/"},"modified":"2025-03-14T13:46:05","modified_gmt":"2025-03-14T13:46:05","slug":"marcel-ciolacu-asigura-ca-romania-nu-va-trimite-trupe-in-ucraina-si-ca-nu-vom-intra-in-razboi","status":"publish","type":"post","link":"https:\/\/247stiri.ro\/index.php\/2025\/03\/14\/marcel-ciolacu-asigura-ca-romania-nu-va-trimite-trupe-in-ucraina-si-ca-nu-vom-intra-in-razboi\/","title":{"rendered":"Marcel Ciolacu asigur\u0103 c\u0103 Rom\u00e2nia nu va trimite trupe \u00een Ucraina \u0219i c\u0103 nu vom intra \u00een r\u0103zboi"},"content":{"rendered":"<p>Totodat\u0103, Ciolacu a subliniat c\u0103 Rom\u00e2nia \u0219i Polonia au \u021binut \u201espatele frontului \u0219i echilibrul de a nu degenera anumite lucruri \u00een interiorul Uniunii Europene\u201d.\u201eV\u0103d \u0219i eu \u0219i dumneavoastr\u0103 acele fake news-uri cu r\u0103zboaiele, cum plec\u0103m la r\u0103zboi. Cred c\u0103 am fost foarte clar \u0219i eu \u0219i domnul pre\u0219edinte interimar Ilie Bolojan: Rom\u00e2nia nu trimite trupe \u00een Ucraina. Suntem un hub logistic \u0219i \u00een acest moment cred c\u0103 aportul nostru de a aduce lini\u0219tea \u00een Europa a fost unul substan\u021bial. Am v\u0103zut c\u0103 \u0219i Polonia are aceea\u0219i aceea\u0219i tendin\u021b\u0103 ca \u0219i noi. P\u00e2n\u0103 la urm\u0103 suntem pilonii, cele dou\u0103 state care am \u021binut spatele frontului \u0219i echilibrul de a nu degenera anumite lucruri \u00een interiorul Uniunii Europene\u201d, a spus Ciolacu, vineri, la Ford Craiova, unde a f\u0103cut declara\u021bii de pres\u0103.<\/p>\n<p>\u00centrebat cum vede decizia Comisiei Europene de a se \u00eenarma toate statele membre UE, la fel cum s-a \u00eent\u00e2mplat cu vaccinurile anti-COVID, Ciolacu a r\u0103spuns c\u0103 Ministerul Ap\u0103r\u0103rii Na\u021bionale are planul lui de \u00eenzestrare aprobat prin CSAT \u0219i asumat de Guvernul Rom\u00e2niei.\u201eCred c\u0103 a\u021bi f\u0103cut o paralel\u0103 care n-are nicio treab\u0103 nici cu vaccinul anti-COVID, nici nu cump\u0103r\u0103m to\u021bi mitraliere Thompson, nici nu am auzit pe cineva impun\u00e2nd ceva. Ministerul Ap\u0103r\u0103rii Na\u021bionale are planul lui de \u00eenzestrare aprobat prin CSAT asumat de Guvernul Rom\u00e2niei. E adev\u0103rat c\u0103 ne dorim s\u0103 producem c\u00e2t mai multe capabilit\u0103\u021bi pe teritoriul Rom\u00e2niei. \u00cen rest, pove\u0219ti sunt multe, dar nu o duce\u021bi \u00een acea zon\u0103 pentru c\u0103 nu e corect \u0219i nu e real acest lucru. Oricum nu intr\u0103m \u00een r\u0103zboi. P\u00e2n\u0103 ast\u0103zi o s\u0103 apar\u0103 un nou fake news, vreo h\u00e2rtie dup\u0103 o lege de prin 2000 sau din 1992 \u00een care se \u00eent\u00e2mpl\u0103 ceva \u0219i intr\u0103m \u00een r\u0103zboi. Eu v\u0103 garantez c\u0103 nu intr\u0103m \u00een niciun r\u0103zboi, nici nu suntem \u0219i suntem mai siguri ca niciodat\u0103\u201d, a mai spus Ciolacu.<\/p>","protected":false},"excerpt":{"rendered":"<p>Totodat\u0103, Ciolacu a subliniat c\u0103 Rom\u00e2nia \u0219i Polonia au \u021binut \u201espatele frontului \u0219i echilibrul de&hellip;<\/p>\n","protected":false},"author":0,"featured_media":39516,"comment_status":"open","ping_status":"open","sticky":false,"template":"","format":"standard","meta":{"footnotes":""},"categories":[2],"tags":[],"class_list":["post-39525","post","type-post","status-publish","format-standard","has-post-thumbnail","hentry","category-actual"],"_links":{"self":[{"href":"https:\/\/247stiri.ro\/index.php\/wp-json\/wp\/v2\/posts\/39525","targetHints":{"allow":["GET"]}}],"collection":[{"href":"https:\/\/247stiri.ro\/index.php\/wp-json\/wp\/v2\/posts"}],"about":[{"href":"https:\/\/247stiri.ro\/index.php\/wp-json\/wp\/v2\/types\/post"}],"replies":[{"embeddable":true,"href":"https:\/\/247stiri.ro\/index.php\/wp-json\/wp\/v2\/comments?post=39525"}],"version-history":[{"count":0,"href":"https:\/\/247stiri.ro\/index.php\/wp-json\/wp\/v2\/posts\/39525\/revisions"}],"wp:featuredmedia":[{"embeddable":true,"href":"https:\/\/247stiri.ro\/index.php\/wp-json\/wp\/v2\/media\/39516"}],"wp:attachment":[{"href":"https:\/\/247stiri.ro\/index.php\/wp-json\/wp\/v2\/media?parent=39525"}],"wp:term":[{"taxonomy":"category","embeddable":true,"href":"https:\/\/247stiri.ro\/index.php\/wp-json\/wp\/v2\/categories?post=39525"},{"taxonomy":"post_tag","embeddable":true,"href":"https:\/\/247stiri.ro\/index.php\/wp-json\/wp\/v2\/tags?post=39525"}],"curies":[{"name":"wp","href":"https:\/\/api.w.org\/{rel}","templated":true}]}}