{"id":39527,"date":"2025-03-14T13:46:06","date_gmt":"2025-03-14T13:46:06","guid":{"rendered":"https:\/\/247stiri.ro\/index.php\/2025\/03\/14\/gigi-becali-a-demisionat-din-aur\/"},"modified":"2025-03-14T13:46:06","modified_gmt":"2025-03-14T13:46:06","slug":"gigi-becali-a-demisionat-din-aur","status":"publish","type":"post","link":"https:\/\/247stiri.ro\/index.php\/2025\/03\/14\/gigi-becali-a-demisionat-din-aur\/","title":{"rendered":"Gigi Becali a demisionat din AUR"},"content":{"rendered":"<p>Dup\u0103 toate controversele de la ie\u0219irile publice din aceast\u0103 perioad\u0103, Gigi Becali ia decizia de a se retrage din AUR.<\/p>\n<p>Latifundiarul din Pipera a anun\u021bat c\u0103, \u00een ciuda faptului c\u0103 a demisionat din AUR, \u00eel sus\u021bine \u00een continuare pe candidatul la preziden\u021biale, George Simion. Acesta a punctat c\u0103 ia \u00een calcul o revenire \u00een AUR pe viitor.<\/p>\n<p>\u00a0<\/p>","protected":false},"excerpt":{"rendered":"<p>Dup\u0103 toate controversele de la ie\u0219irile publice din aceast\u0103 perioad\u0103, Gigi Becali ia decizia de&hellip;<\/p>\n","protected":false},"author":0,"featured_media":39518,"comment_status":"open","ping_status":"open","sticky":false,"template":"","format":"standard","meta":{"footnotes":""},"categories":[2],"tags":[],"class_list":["post-39527","post","type-post","status-publish","format-standard","has-post-thumbnail","hentry","category-actual"],"_links":{"self":[{"href":"https:\/\/247stiri.ro\/index.php\/wp-json\/wp\/v2\/posts\/39527","targetHints":{"allow":["GET"]}}],"collection":[{"href":"https:\/\/247stiri.ro\/index.php\/wp-json\/wp\/v2\/posts"}],"about":[{"href":"https:\/\/247stiri.ro\/index.php\/wp-json\/wp\/v2\/types\/post"}],"replies":[{"embeddable":true,"href":"https:\/\/247stiri.ro\/index.php\/wp-json\/wp\/v2\/comments?post=39527"}],"version-history":[{"count":0,"href":"https:\/\/247stiri.ro\/index.php\/wp-json\/wp\/v2\/posts\/39527\/revisions"}],"wp:featuredmedia":[{"embeddable":true,"href":"https:\/\/247stiri.ro\/index.php\/wp-json\/wp\/v2\/media\/39518"}],"wp:attachment":[{"href":"https:\/\/247stiri.ro\/index.php\/wp-json\/wp\/v2\/media?parent=39527"}],"wp:term":[{"taxonomy":"category","embeddable":true,"href":"https:\/\/247stiri.ro\/index.php\/wp-json\/wp\/v2\/categories?post=39527"},{"taxonomy":"post_tag","embeddable":true,"href":"https:\/\/247stiri.ro\/index.php\/wp-json\/wp\/v2\/tags?post=39527"}],"curies":[{"name":"wp","href":"https:\/\/api.w.org\/{rel}","templated":true}]}}